{"id":126341,"date":"2020-07-29T08:52:02","date_gmt":"2020-07-29T13:52:02","guid":{"rendered":"https:\/\/plazajuarez.mx\/?p=126341"},"modified":"2020-07-29T08:52:11","modified_gmt":"2020-07-29T13:52:11","slug":"sindicatos-acusan-a-jair-bolsonaro-de-genocidio","status":"publish","type":"post","link":"https:\/\/plazajuarez.mx\/historico\/sindicatos-acusan-a-jair-bolsonaro-de-genocidio\/","title":{"rendered":"Sindicatos acusan a Jair Bolsonaro de genocidio"},"content":{"rendered":"\n<ul class=\"wp-block-list\"><li><strong>La denuncia ante La Haya: \u201csu gesti\u00f3n de la pandemia es una tragedia&#8221;<\/strong><\/li><\/ul>\n\n\n\n<!--more-->\n\n\n\n<p>Subrayan el menosprecio de Bolsonaro hacia la pandemia, la cual lleg\u00f3 a calificar de &#8220;gripecita&#8221;EFE.- Una coalici\u00f3n de m\u00e1s de 60 sindicatos brasile\u00f1os acusaron al presidente de Brasil, Jair Bolsonaro, de genocidio ante el Tribunal de La Haya por su gesti\u00f3n de la pandemia, la cual ha abocado al pa\u00eds a una &#8220;tragedia general&#8221;, dijo en entrevista C\u00e9lia Regina Costa, una de las portavoces.<\/p>\n\n\n\n<p>&#8220;Bolsonaro ha llevado a cabo una estrategia genocida&#8221;, se\u00f1al\u00f3 Costa, secretaria general del Sindicato de los Trabajadores P\u00fablicos de la Salud de Sao Paulo (Sindsaude SP), una de las entidades que integran la Red Sindical Brasile\u00f1a UNI-Sa\u00fade, que representa a m\u00e1s de un mill\u00f3n de profesionales de la salud.<\/p>\n\n\n\n<p>La Fiscal\u00eda de la CPI posibilita, a trav\u00e9s del art\u00edculo 15 de su carta fundacional, el Estatuto de Roma, que organizaciones, ONG e incluso personas individuales env\u00eden informaci\u00f3n documentando supuestos delitos, proceso que puede hacerse incluso a trav\u00e9s de un mensaje de correo electr\u00f3nico.<\/p>\n\n\n\n<p>Tan s\u00f3lo en 2019 la Oficina de la Fiscal\u00eda recibi\u00f3 m\u00e1s de 800 de estos mensajes, que son tratados como &#8220;comunicaciones&#8221;, no como denuncias o querellas por responsabilidad penal.<\/p>\n\n\n\n<p>&#8220;Sabemos y somos conscientes que el tribunal tarda. Ya hay otras denuncias contra Bolsonaro y sabemos las limitaciones, pero es importante&#8221;, admiti\u00f3 la portavoz, sobre la dificultad de que el proceso concluya con la apertura de una investigaci\u00f3n por parte de la CPI.<\/p>\n","protected":false},"excerpt":{"rendered":"<p>La denuncia ante La Haya: \u201csu gesti\u00f3n de la pandemia es una tragedia&#8221;<\/p>\n","protected":false},"author":80,"featured_media":0,"comment_status":"closed","ping_status":"open","sticky":false,"template":"","format":"standard","meta":{"footnotes":""},"categories":[31],"tags":[],"class_list":["post-126341","post","type-post","status-publish","format-standard","hentry","category-orbe"],"_links":{"self":[{"href":"https:\/\/plazajuarez.mx\/historico\/wp-json\/wp\/v2\/posts\/126341","targetHints":{"allow":["GET"]}}],"collection":[{"href":"https:\/\/plazajuarez.mx\/historico\/wp-json\/wp\/v2\/posts"}],"about":[{"href":"https:\/\/plazajuarez.mx\/historico\/wp-json\/wp\/v2\/types\/post"}],"author":[{"embeddable":true,"href":"https:\/\/plazajuarez.mx\/historico\/wp-json\/wp\/v2\/users\/80"}],"replies":[{"embeddable":true,"href":"https:\/\/plazajuarez.mx\/historico\/wp-json\/wp\/v2\/comments?post=126341"}],"version-history":[{"count":0,"href":"https:\/\/plazajuarez.mx\/historico\/wp-json\/wp\/v2\/posts\/126341\/revisions"}],"wp:attachment":[{"href":"https:\/\/plazajuarez.mx\/historico\/wp-json\/wp\/v2\/media?parent=126341"}],"wp:term":[{"taxonomy":"category","embeddable":true,"href":"https:\/\/plazajuarez.mx\/historico\/wp-json\/wp\/v2\/categories?post=126341"},{"taxonomy":"post_tag","embeddable":true,"href":"https:\/\/plazajuarez.mx\/historico\/wp-json\/wp\/v2\/tags?post=126341"}],"curies":[{"name":"wp","href":"https:\/\/api.w.org\/{rel}","templated":true}]}}