{"id":126195,"date":"2020-07-28T08:42:57","date_gmt":"2020-07-28T13:42:57","guid":{"rendered":"https:\/\/plazajuarez.mx\/?p=126195"},"modified":"2020-07-28T08:43:12","modified_gmt":"2020-07-28T13:43:12","slug":"bolsonaro-se-modera-busca-mas-gobernabilidad","status":"publish","type":"post","link":"https:\/\/plazajuarez.mx\/historico\/bolsonaro-se-modera-busca-mas-gobernabilidad\/","title":{"rendered":"Bolsonaro se modera\u2026 busca m\u00e1s gobernabilidad"},"content":{"rendered":"\n<ul class=\"wp-block-list\"><li><strong>Ya se recuper\u00f3 del coronavirus<\/strong><\/li><\/ul>\n\n\n\n<!--more-->\n\n\n\n<p class=\"wp-block-paragraph\">Ahora se muestra conciliador, sosegado y distante de la pol\u00edtica de embate permanente que hab\u00eda adoptado desde que lleg\u00f3 al poder<\/p>\n\n\n\n<p class=\"wp-block-paragraph\">EFE.- Presionado por la Justicia, en rumbo de colisi\u00f3n con el Parlamento y los grandes capitales, el presidente de Brasil, Jair Bolsonaro, ya curado de la COVID-19, retom\u00f3 su actividad y ahora apuesta en la moderaci\u00f3n para lograr mayor gobernabilidad.<\/p>\n\n\n\n<p class=\"wp-block-paragraph\">&#8220;Acabaron con el empleo en Brasil y tendremos que resolver eso&#8221;, dijo el mandatario ayer al salir de su residencia oficial para dirigirse hacia el palacio presidencial por primera vez en 20 d\u00edas, tiempo que pas\u00f3 recluido tras dar positivo de coronavirus.<\/p>\n\n\n\n<p class=\"wp-block-paragraph\">Incluso, a diferencia de lo que hizo desde que la pandemia se comenz\u00f3 a expandir por el pa\u00eds, que ya es el segundo m\u00e1s afectado y pasa de 87.000 muertos y 2,4 millones de casos, se neg\u00f3 a acercarse a unas personas que le saludaban.<\/p>\n\n\n\n<p class=\"wp-block-paragraph\">&#8220;Ya estoy curado, pero evitemos el contacto&#8221;, dijo.<\/p>\n","protected":false},"excerpt":{"rendered":"<p>Ya se recuper\u00f3 del coronavirus<\/p>\n","protected":false},"author":80,"featured_media":0,"comment_status":"closed","ping_status":"open","sticky":false,"template":"","format":"standard","meta":{"footnotes":""},"categories":[31],"tags":[],"class_list":["post-126195","post","type-post","status-publish","format-standard","hentry","category-orbe"],"_links":{"self":[{"href":"https:\/\/plazajuarez.mx\/historico\/wp-json\/wp\/v2\/posts\/126195","targetHints":{"allow":["GET"]}}],"collection":[{"href":"https:\/\/plazajuarez.mx\/historico\/wp-json\/wp\/v2\/posts"}],"about":[{"href":"https:\/\/plazajuarez.mx\/historico\/wp-json\/wp\/v2\/types\/post"}],"author":[{"embeddable":true,"href":"https:\/\/plazajuarez.mx\/historico\/wp-json\/wp\/v2\/users\/80"}],"replies":[{"embeddable":true,"href":"https:\/\/plazajuarez.mx\/historico\/wp-json\/wp\/v2\/comments?post=126195"}],"version-history":[{"count":0,"href":"https:\/\/plazajuarez.mx\/historico\/wp-json\/wp\/v2\/posts\/126195\/revisions"}],"wp:attachment":[{"href":"https:\/\/plazajuarez.mx\/historico\/wp-json\/wp\/v2\/media?parent=126195"}],"wp:term":[{"taxonomy":"category","embeddable":true,"href":"https:\/\/plazajuarez.mx\/historico\/wp-json\/wp\/v2\/categories?post=126195"},{"taxonomy":"post_tag","embeddable":true,"href":"https:\/\/plazajuarez.mx\/historico\/wp-json\/wp\/v2\/tags?post=126195"}],"curies":[{"name":"wp","href":"https:\/\/api.w.org\/{rel}","templated":true}]}}