{"id":126161,"date":"2020-07-28T07:45:13","date_gmt":"2020-07-28T12:45:13","guid":{"rendered":"https:\/\/plazajuarez.mx\/?p=126161"},"modified":"2020-07-28T07:45:25","modified_gmt":"2020-07-28T12:45:25","slug":"tercer-lunes-tercera-manifestacion-por-obras-incumplidas","status":"publish","type":"post","link":"https:\/\/plazajuarez.mx\/historico\/tercer-lunes-tercera-manifestacion-por-obras-incumplidas\/","title":{"rendered":"Tercer lunes, tercera manifestaci\u00f3n por obras incumplidas"},"content":{"rendered":"\n<ul class=\"wp-block-list\"><li><strong>Esta vez, habitantes de La Meza, L\u00f3pez Ray\u00f3n, se manifestaron contra el alcalde<\/strong><\/li><\/ul>\n\n\n\n<ul class=\"wp-block-list\"><li><strong>El alcalde no quiso atenderlos por temor a que lo retuvieran<\/strong><\/li><\/ul>\n\n\n\n<!--more-->\n\n\n\n<p><strong>Ixmiquilpan.- <\/strong>Por tercer lunes consecutivo, habitantes de Ixmiquilpan se manifestaron contra el presidente municipal, Pascual Charrez, a son pendientes que ha dejado y que podr\u00edan no resolverse al t\u00e9rmino de su administraci\u00f3n.\u00a0<\/p>\n\n\n\n<p>Esta vez, habitantes de La Meza, L\u00f3pez Ray\u00f3n, se manifestaron contra el alcalde, por una obra correspondiente a un camino. Por la ma\u00f1ana, se instalaron frente a la sede del ayuntamiento y cerraron el acceso principal.&nbsp;<\/p>\n\n\n\n<p>Los pobladores, exigieron la presencia del alcalde, quien decidi\u00f3 no presentarse y dejar a cargo de su gabinete la negociaci\u00f3n. Esto, ante el temor de ser nuevamente retenido por parte de los pobladores.&nbsp;<\/p>\n\n\n\n<p>El alcalde, ha enfrentado a unas semanas que deje el cargo, diversos reclamos de comunidades que se han quejado por el incumplimiento de obra p\u00fablica, asimismo por la ausencia de autoridad por parte de la administraci\u00f3n municipal.&nbsp;<\/p>\n\n\n\n<p>Cabe se\u00f1alar, que el lunes antepasado, el alcalde fue retenido por habitantes de la comunidad de L\u00f3pez Ray\u00f3n, quienes lo obligaron a caminar a su poblado, misma f\u00f3rmula aplicaron los representantes de siete comunidades de la zona norte, quienes intentaron llevarse retenido.&nbsp;<\/p>\n\n\n\n<p>Ambas manifestaciones, fueron de reclamo al incumplimiento de obra p\u00fablica.<\/p>\n","protected":false},"excerpt":{"rendered":"<p>Esta vez, habitantes de La Meza, L\u00f3pez Ray\u00f3n, se manifestaron contra el alcalde El alcalde no quiso atenderlos por temor a que lo retuvieran<\/p>\n","protected":false},"author":75,"featured_media":0,"comment_status":"closed","ping_status":"open","sticky":false,"template":"","format":"standard","meta":{"footnotes":""},"categories":[40],"tags":[],"class_list":["post-126161","post","type-post","status-publish","format-standard","hentry","category-region"],"_links":{"self":[{"href":"https:\/\/plazajuarez.mx\/historico\/wp-json\/wp\/v2\/posts\/126161","targetHints":{"allow":["GET"]}}],"collection":[{"href":"https:\/\/plazajuarez.mx\/historico\/wp-json\/wp\/v2\/posts"}],"about":[{"href":"https:\/\/plazajuarez.mx\/historico\/wp-json\/wp\/v2\/types\/post"}],"author":[{"embeddable":true,"href":"https:\/\/plazajuarez.mx\/historico\/wp-json\/wp\/v2\/users\/75"}],"replies":[{"embeddable":true,"href":"https:\/\/plazajuarez.mx\/historico\/wp-json\/wp\/v2\/comments?post=126161"}],"version-history":[{"count":0,"href":"https:\/\/plazajuarez.mx\/historico\/wp-json\/wp\/v2\/posts\/126161\/revisions"}],"wp:attachment":[{"href":"https:\/\/plazajuarez.mx\/historico\/wp-json\/wp\/v2\/media?parent=126161"}],"wp:term":[{"taxonomy":"category","embeddable":true,"href":"https:\/\/plazajuarez.mx\/historico\/wp-json\/wp\/v2\/categories?post=126161"},{"taxonomy":"post_tag","embeddable":true,"href":"https:\/\/plazajuarez.mx\/historico\/wp-json\/wp\/v2\/tags?post=126161"}],"curies":[{"name":"wp","href":"https:\/\/api.w.org\/{rel}","templated":true}]}}