{"id":126116,"date":"2020-07-28T07:46:52","date_gmt":"2020-07-28T12:46:52","guid":{"rendered":"https:\/\/plazajuarez.mx\/?p=126116"},"modified":"2020-07-28T07:47:11","modified_gmt":"2020-07-28T12:47:11","slug":"triste-debut-de-los-tuzos-en-el-guard1anes-2020","status":"publish","type":"post","link":"https:\/\/plazajuarez.mx\/historico\/triste-debut-de-los-tuzos-en-el-guard1anes-2020\/","title":{"rendered":"Triste debut de los Tuzos en el Guard1anes 2020"},"content":{"rendered":"\n<ul class=\"wp-block-list\"><li><strong>El cuadro hidalguense perdi\u00f3 en su casa ante Am\u00e9rica en la jornada 1<\/strong><\/li><\/ul>\n\n\n\n<!--more-->\n\n\n\n<p>Pachuca debut\u00f3 con el pie izquierdo, tras perder en su cancha 1-2 ante las \u00c1guilas del Am\u00e9rica, en lo que fue la jornada n\u00famero 1 del Guard1anes 2020.<\/p>\n\n\n\n<p>Los primeros 45 minutos fueron muy parejos, lo que origin\u00f3 que el encuentro fuera apretado. Tuzos y \u00c1guilas solo generaron una opci\u00f3n de gol, donde sus arqueros respondieron adecuadamente. Para el complemento, Pachuca se qued\u00f3 con diez hombres, tras la expulsi\u00f3n de Jorge \u201cEl Burrito\u201d Hern\u00e1ndez. Cinco minutos despu\u00e9s, los azulcremas aprovecharon la situaci\u00f3n y por medio de Federico Vi\u00f1as inauguraron el marcador.<\/p>\n\n\n\n<p>Parec\u00eda que, con el gol, Am\u00e9rica manejar\u00eda tranquilamente el partido, sin embargo, en la siguiente jugada Santiago C\u00e1seres tambi\u00e9n se iba a las regaderas y ambos cuadros se quedaban con diez hombres.<\/p>\n\n\n\n<p>En la recta final del partido, Am\u00e9rica sentenci\u00f3 el partido, gracias a un penal bien ejecutado por Sebasti\u00e1n C\u00f3rdova. Todav\u00eda los Tuzos quisieron reaccionar y descontaron en el \u00faltimo suspiro en otro penal &nbsp; bien ejecutado por Colin K\u00e2zim-Richards.<\/p>\n\n\n\n<p>Finalmente, como homenaje al personal de Salud, Grupo Pachuca colocaron m\u00e1s de mil rosas y el nombre del personal en las butacas del estadio Hidalgo.&nbsp;<\/p>\n","protected":false},"excerpt":{"rendered":"<p>El cuadro hidalguense perdi\u00f3 en su casa ante Am\u00e9rica en la jornada 1<\/p>\n","protected":false},"author":79,"featured_media":0,"comment_status":"closed","ping_status":"open","sticky":false,"template":"","format":"standard","meta":{"footnotes":""},"categories":[39],"tags":[],"class_list":["post-126116","post","type-post","status-publish","format-standard","hentry","category-deportiva"],"_links":{"self":[{"href":"https:\/\/plazajuarez.mx\/historico\/wp-json\/wp\/v2\/posts\/126116","targetHints":{"allow":["GET"]}}],"collection":[{"href":"https:\/\/plazajuarez.mx\/historico\/wp-json\/wp\/v2\/posts"}],"about":[{"href":"https:\/\/plazajuarez.mx\/historico\/wp-json\/wp\/v2\/types\/post"}],"author":[{"embeddable":true,"href":"https:\/\/plazajuarez.mx\/historico\/wp-json\/wp\/v2\/users\/79"}],"replies":[{"embeddable":true,"href":"https:\/\/plazajuarez.mx\/historico\/wp-json\/wp\/v2\/comments?post=126116"}],"version-history":[{"count":0,"href":"https:\/\/plazajuarez.mx\/historico\/wp-json\/wp\/v2\/posts\/126116\/revisions"}],"wp:attachment":[{"href":"https:\/\/plazajuarez.mx\/historico\/wp-json\/wp\/v2\/media?parent=126116"}],"wp:term":[{"taxonomy":"category","embeddable":true,"href":"https:\/\/plazajuarez.mx\/historico\/wp-json\/wp\/v2\/categories?post=126116"},{"taxonomy":"post_tag","embeddable":true,"href":"https:\/\/plazajuarez.mx\/historico\/wp-json\/wp\/v2\/tags?post=126116"}],"curies":[{"name":"wp","href":"https:\/\/api.w.org\/{rel}","templated":true}]}}