{"id":126115,"date":"2020-07-28T07:42:27","date_gmt":"2020-07-28T12:42:27","guid":{"rendered":"https:\/\/plazajuarez.mx\/?p=126115"},"modified":"2020-07-28T07:43:02","modified_gmt":"2020-07-28T12:43:02","slug":"muere-el-disenador-japones-kansai-yamamoto","status":"publish","type":"post","link":"https:\/\/plazajuarez.mx\/historico\/muere-el-disenador-japones-kansai-yamamoto\/","title":{"rendered":"Muere el dise\u00f1ador japon\u00e9s Kansai Yamamoto"},"content":{"rendered":"\n<ul class=\"wp-block-list\"><li><strong>&#8220;El 21 de julio mi padre, Kansai Yamamoto, falleci\u00f3 a la edad de 76 a\u00f1os. Dej\u00f3 este mundo en paz, rodeado de sus seres queridos&#8221;, inform\u00f3 su hija, Mirai Yamamoto<\/strong><\/li><\/ul>\n\n\n\n<!--more-->\n\n\n\n<p>El dise\u00f1ador japon\u00e9s Kansai Yamamoto, conocido por vestir al fallecido cantante y compositor brit\u00e1nico David Bowie, ha muerto a los 76 a\u00f1os tras ser diagnosticado con leucemia mieloide aguda (LMA), inform\u00f3 su hija, la actriz Mirai Yamamoto.<\/p>\n\n\n\n<p>&#8220;El 21 de julio mi padre, Kansai Yamamoto, falleci\u00f3 a la edad de 76 a\u00f1os. Dej\u00f3 este mundo en paz, rodeado de sus seres queridos&#8221;, inform\u00f3 Yamamoto a trav\u00e9s de una publicaci\u00f3n en su perfil de la red social Instagram, en la que dedic\u00f3 un sentido adi\u00f3s a su progenitor.<\/p>\n\n\n\n<p>Yamamoto naci\u00f3 en la ciudad de Yokohama (al sur de Tokio) en 1944, pero se cri\u00f3 en la ciudad de Gifu, en el centro\/oeste del pa\u00eds.<\/p>\n\n\n\n<p>Curs\u00f3 ingenier\u00eda civil e ingl\u00e9s en la Nihon University capitalina y fue disc\u00edpulo de reconocidos dise\u00f1adores como Junko Koshino.<\/p>\n\n\n\n<p>En 1971, con 27 a\u00f1os, se convirti\u00f3 en el primer japon\u00e9s en hacer un desfile de moda en Londres y en 1975 debutar\u00eda en Par\u00eds.<\/p>\n\n\n\n<p>La fama internacional de Yamamoto se acrecentar\u00eda tras entablar amistad con el camale\u00f3nico Bowie, para quien dise\u00f1ar\u00eda alguna de sus prendas m\u00e1s recordadas durante las giras Ziggy Stardust y Aladdin Sane, en los a\u00f1os 70, trabajos que le reportaron gran popularidad.<\/p>\n\n\n\n<p>Tambi\u00e9n visti\u00f3 a otros artistas como Elton John o Stevie Wonder.<\/p>\n\n\n\n<p>Los dise\u00f1os de Yamamoto se caracterizan por la mezcla de elementos tradicionales orientales (muy influenciados por el teatro japon\u00e9s kabuki) y un car\u00e1cter marcadamente exc\u00e9ntrico y vanguardista.<\/p>\n\n\n\n<p>En 1993, con su faceta como dise\u00f1ador consolidada, el japon\u00e9s se embarc\u00f3 en creaciones multidisciplinares. Ese a\u00f1o organiz\u00f3 en la Plaza Roja de Mosc\u00fa su primer espect\u00e1culo, &#8220;Super Shows&#8221;, que m\u00e1s tarde realizar\u00eda en Vietnam (1995), la India (1997) o Jap\u00f3n (2000).<\/p>\n\n\n\n<p>En 2015 produjo un evento que abarc\u00f3 todo lo que hab\u00eda construido a lo largo de su carrera, &#8220;The Nippon Genki Project: Super Energy!&#8221;, que organizar\u00eda en m\u00faltiples ocasiones en a\u00f1os posteriores.<\/p>\n\n\n\n<p>Yamamoto tambi\u00e9n es el dise\u00f1ador del tren Skyliner que circula desde 2010 y conecta el aeropuerto de Narita con el centro de Tokio, y se involucr\u00f3 en la fallida candidatura ol\u00edmpica de Tokio 2016 con un evento celebrado en septiembre de 2009 y denominado &#8220;Katsuzo&#8221;.<\/p>\n\n\n\n<p>El japon\u00e9s sigui\u00f3 trabajando hasta que en febrero le fue diagnosticada una leucemia mieloide aguda y fue hospitalizado.<\/p>\n","protected":false},"excerpt":{"rendered":"<p>&#8220;El 21 de julio mi padre, Kansai Yamamoto, falleci\u00f3 a la edad de 76 a\u00f1os. Dej\u00f3 este mundo en paz, rodeado de sus seres queridos&#8221;, inform\u00f3 su hija, Mirai Yamamoto<\/p>\n","protected":false},"author":80,"featured_media":0,"comment_status":"closed","ping_status":"open","sticky":false,"template":"","format":"standard","meta":{"footnotes":""},"categories":[41],"tags":[],"class_list":["post-126115","post","type-post","status-publish","format-standard","hentry","category-arteria-cultural"],"_links":{"self":[{"href":"https:\/\/plazajuarez.mx\/historico\/wp-json\/wp\/v2\/posts\/126115","targetHints":{"allow":["GET"]}}],"collection":[{"href":"https:\/\/plazajuarez.mx\/historico\/wp-json\/wp\/v2\/posts"}],"about":[{"href":"https:\/\/plazajuarez.mx\/historico\/wp-json\/wp\/v2\/types\/post"}],"author":[{"embeddable":true,"href":"https:\/\/plazajuarez.mx\/historico\/wp-json\/wp\/v2\/users\/80"}],"replies":[{"embeddable":true,"href":"https:\/\/plazajuarez.mx\/historico\/wp-json\/wp\/v2\/comments?post=126115"}],"version-history":[{"count":0,"href":"https:\/\/plazajuarez.mx\/historico\/wp-json\/wp\/v2\/posts\/126115\/revisions"}],"wp:attachment":[{"href":"https:\/\/plazajuarez.mx\/historico\/wp-json\/wp\/v2\/media?parent=126115"}],"wp:term":[{"taxonomy":"category","embeddable":true,"href":"https:\/\/plazajuarez.mx\/historico\/wp-json\/wp\/v2\/categories?post=126115"},{"taxonomy":"post_tag","embeddable":true,"href":"https:\/\/plazajuarez.mx\/historico\/wp-json\/wp\/v2\/tags?post=126115"}],"curies":[{"name":"wp","href":"https:\/\/api.w.org\/{rel}","templated":true}]}}