{"id":126112,"date":"2020-07-28T07:38:49","date_gmt":"2020-07-28T12:38:49","guid":{"rendered":"https:\/\/plazajuarez.mx\/?p=126112"},"modified":"2020-07-28T07:39:05","modified_gmt":"2020-07-28T12:39:05","slug":"distintos-festivales-compartiran-presentacion-de-nomadland","status":"publish","type":"post","link":"https:\/\/plazajuarez.mx\/historico\/distintos-festivales-compartiran-presentacion-de-nomadland\/","title":{"rendered":"Distintos festivales compartir\u00e1n presentaci\u00f3n de &#8220;Nomadland&#8221;"},"content":{"rendered":"\n<ul class=\"wp-block-list\"><li><strong>La cinta est\u00e1 basada en el libro hom\u00f3nimo que la periodista Jessica Brude public\u00f3 en 2017 y con el que investig\u00f3 el fen\u00f3meno de los estadounidenses que viajan por el pa\u00eds como &#8220;n\u00f3madas&#8221;<\/strong><\/li><\/ul>\n\n\n\n<!--more-->\n\n\n\n<p>Los Festivales de Cine de Venecia, Nueva York, Toronto y Telluride, que se celebrar\u00e1n el pr\u00f3ximo septiembre, compartir\u00e1n la presentaci\u00f3n del filme &#8220;Nomadland&#8221;, protagonizada y producida por la actriz estadounidense Frances McDormand, informaron hoy los organizadores de la Mostra de Venecia en un comunicado.<\/p>\n\n\n\n<p>&#8220;Nomadland&#8221;, tercer largometraje de la cineasta china-estadounidense Chlo\u00e9 Zhao, se presentar\u00e1 en el 77\u00ba Festival Internacional de Cine de Venecia el 11 de septiembre, en la Sala Grande del Palazzo del Cinema del Lido.<\/p>\n\n\n\n<p>La cinta est\u00e1 basada en el libro hom\u00f3nimo que la periodista Jessica Brude public\u00f3 en 2017 y con el que investig\u00f3 el fen\u00f3meno de los estadounidenses que viajan por el pa\u00eds como &#8220;n\u00f3madas&#8221;, en busca de empleo.<\/p>\n\n\n\n<p>El director art\u00edstico del Festival de Cine de Venecia, Alberto Barbera, ha considerado &#8220;un honor contribuir a dar visibilidad internacional a la nueva y sorprendente pel\u00edcula de Chlo\u00e9 Zhao&#8221; y ha destacado que compartir la presentaci\u00f3n con los festivales de Telluride, Toronto y Nueva York &#8220;es un signo concreto de solidaridad y colaboraci\u00f3n en un per\u00edodo de gran dificultad&#8221;.<\/p>\n\n\n\n<p>Sobre la cinta, ha descrito a &#8220;Nomadland&#8221; como &#8220;un viaje valiente y conmovedor a un mundo desconocido&#8221;, alejado de la conciencia social, que &#8220;adquiere un significado muy particular en este per\u00edodo de aislamiento causado por la pandemia, y que demuestra c\u00f3mo algunos valores como la solidaridad mutua y un fuerte sentido de comunidad&#8221; pueden salvar a las personas &#8220;de la soledad, el fracaso y la desesperaci\u00f3n&#8221;.<\/p>\n\n\n\n<p>El pasado 8 de julio, los Festivales de Cine de Venecia, Nueva York, Toronto y Telluride comunicaron que no competir\u00e1n entre s\u00ed este a\u00f1o, sino que colaborar\u00e1n activamente por el bien del mundo del celuloide, que se ha visto afectado por la pandemia del coronavirus.<\/p>\n\n\n\n<p>El Festival Internacional de Cine de Venecia se celebrar\u00e1 este a\u00f1o del 2 al 12 de septiembre; el de Telluride, del 4 al 7 de septiembre; el de Toronto, del 10 al 20 de septiembre; y el de Nueva York, del 25 de septiembre al 11 de octubre.<\/p>\n\n\n\n<p>Por su parte, La Mostra de Venecia desvelar\u00e1 su programa ma\u00f1ana.\u00a0<\/p>\n","protected":false},"excerpt":{"rendered":"<p>La cinta est\u00e1 basada en el libro hom\u00f3nimo que la periodista Jessica Brude public\u00f3 en 2017 y con el que investig\u00f3 el fen\u00f3meno de los estadounidenses que viajan por el pa\u00eds como &#8220;n\u00f3madas&#8221;<\/p>\n","protected":false},"author":80,"featured_media":0,"comment_status":"closed","ping_status":"open","sticky":false,"template":"","format":"standard","meta":{"footnotes":""},"categories":[41],"tags":[],"class_list":["post-126112","post","type-post","status-publish","format-standard","hentry","category-arteria-cultural"],"_links":{"self":[{"href":"https:\/\/plazajuarez.mx\/historico\/wp-json\/wp\/v2\/posts\/126112","targetHints":{"allow":["GET"]}}],"collection":[{"href":"https:\/\/plazajuarez.mx\/historico\/wp-json\/wp\/v2\/posts"}],"about":[{"href":"https:\/\/plazajuarez.mx\/historico\/wp-json\/wp\/v2\/types\/post"}],"author":[{"embeddable":true,"href":"https:\/\/plazajuarez.mx\/historico\/wp-json\/wp\/v2\/users\/80"}],"replies":[{"embeddable":true,"href":"https:\/\/plazajuarez.mx\/historico\/wp-json\/wp\/v2\/comments?post=126112"}],"version-history":[{"count":0,"href":"https:\/\/plazajuarez.mx\/historico\/wp-json\/wp\/v2\/posts\/126112\/revisions"}],"wp:attachment":[{"href":"https:\/\/plazajuarez.mx\/historico\/wp-json\/wp\/v2\/media?parent=126112"}],"wp:term":[{"taxonomy":"category","embeddable":true,"href":"https:\/\/plazajuarez.mx\/historico\/wp-json\/wp\/v2\/categories?post=126112"},{"taxonomy":"post_tag","embeddable":true,"href":"https:\/\/plazajuarez.mx\/historico\/wp-json\/wp\/v2\/tags?post=126112"}],"curies":[{"name":"wp","href":"https:\/\/api.w.org\/{rel}","templated":true}]}}