{"id":125774,"date":"2020-07-25T12:42:11","date_gmt":"2020-07-25T17:42:11","guid":{"rendered":"https:\/\/plazajuarez.mx\/?p=125774"},"modified":"2020-07-25T12:42:28","modified_gmt":"2020-07-25T17:42:28","slug":"castigaran-terapias-de-conversion-en-cdmx","status":"publish","type":"post","link":"https:\/\/plazajuarez.mx\/historico\/castigaran-terapias-de-conversion-en-cdmx\/","title":{"rendered":"Castigar\u00e1n terapias de conversi\u00f3n en CDMX"},"content":{"rendered":"\n<ul class=\"wp-block-list\"><li><strong>De dos a cinco a\u00f1os de prisi\u00f3n a quienes obliguen a personas a someterse a estas terapias, adem\u00e1s de 50 a 100 horas de trabajo comunitario<\/strong><\/li><\/ul>\n\n\n\n<!--more-->\n\n\n\n<p>El Congreso de la Ciudad de M\u00e9xico aprob\u00f3 reformas al C\u00f3digo Penal para castigar con prisi\u00f3n y trabajo comunitario a las personas que obliguen a otras a tomar terapias o tratamientos de conversi\u00f3n sexual.<\/p>\n\n\n\n<p><br>Con 51 votos a favor, nueve en contra y cinco abstenciones, los legisladores locales avalaron las reformas al art\u00edculo 206 bis del C\u00f3digo Penal y adicionaron el art\u00edculo 190 quater, el cual establece penas de dos a cinco a\u00f1os de prisi\u00f3n a quienes obliguen a personas a someterse a estas terapias, adem\u00e1s de 50 a 100 horas de trabajo comunitario.<\/p>\n\n\n\n<p><br>La fiscal\u00eda deber\u00e1 perseguir este delito por querella y se agravar\u00e1 cuando est\u00e9 relacionado un menor de edad y se perseguir\u00e1 de oficio.<\/p>\n\n\n\n<p><br>La sesi\u00f3n virtual del periodo extraordinario \u2014cuyo arranque se caracteriz\u00f3 por problemas para emitir los votos de los diputados a trav\u00e9s de los iPads y los que dejaban el micr\u00f3fono encendido\u2014, inici\u00f3 con el an\u00e1lisis, que dur\u00f3 tres horas, pero m\u00e1s por los posicionamientos (15) de los diputados de Morena que votar\u00edan a favor, que sobre la discusi\u00f3n del fondo, que s\u00ed la hubo con las reservas del legislador del Partido Encuentro Social (PES), Fernando Aboitiz, y la panista Gabriela Salido.<\/p>\n\n\n\n<p><br>Apoyo arco\u00edris. Afuera del recinto de Donceles integrantes del grupo YAAJ, que impuls\u00f3 la iniciativa, mostraron su respaldo mientras los diputados, la mayor\u00eda desde sus casas, discut\u00edan dicha reforma.<\/p>\n\n\n\n<p><br>El legislador promovente del dictamen, el morenista Tem\u00edstocles Villanueva, incluso port\u00f3 un cubrebocas arco\u00edris y acudi\u00f3 al Congreso.<\/p>\n\n\n\n<p><br>Dijo que la aprobaci\u00f3n es una lucha de varios aliados para proteger los derechos humanos. &#8220;Al someter a las personas a estas terapias se atenta contra el libre desarrollo de la personalidad&#8221;, refiri\u00f3 y explic\u00f3 que estos tratamientos utilizan m\u00e9todos como el aislamiento f\u00edsico, la intimidaci\u00f3n y la privaci\u00f3n de alimentos para &#8220;corregir&#8221; la orientaci\u00f3n sexual.<\/p>\n\n\n\n<p><br>Eduardo Santill\u00e1n, presidente de la Comisi\u00f3n de Administraci\u00f3n y Procuraci\u00f3n de Justicia, se\u00f1al\u00f3 que la adici\u00f3n del art\u00edculo 190 quarter al C\u00f3digo Penal no criminaliza el acompa\u00f1amiento que se hace respetando la voluntad de la persona y explica, de manera precisa, que ninguna preferencia u orientaci\u00f3n sexual puede tener un tratamiento como enfermedad.<\/p>\n\n\n\n<p><br>El l\u00edder del PES, Fernando Aboitiz, acus\u00f3 que el dictamen no delimitaba bien el tipo penal y se pod\u00eda tomar como terapia de conversi\u00f3n cualquier pl\u00e1tica, incluso entre familia.<\/p>\n\n\n\n<p><br>Dijo que en tipos penales la violencia se define de diferentes maneras, por lo que se consider\u00f3 que esto puede interpretarse discrecionalmente por los que manejan la ley.<\/p>\n\n\n\n<p><br>El dictamen fue aprobado y remitido a la jefa de Gobierno, Claudia Sheinbaum, para su eventual publicaci\u00f3n si no hay observaciones.<br>Reacciones. En entrevista con EL UNIVERSAL, la presidenta de la Comisi\u00f3n de Derechos Humanos local, Nashieli Ram\u00edrez, dijo que en la Ciudad dos de cada 10 personas de la comunidad LGBTTI+ han sido presionadas para hacerse esta conversi\u00f3n.<\/p>\n\n\n\n<p><br>Aunque no hay datos duros, estudios indican que en 22% de casos son familiares quienes recurren a estas pr\u00e1cticas; 12% l\u00edderes religiosos; 11% integrantes cercanos a la comunidad y 11% profesionales de la salud.<\/p>\n\n\n\n<p><br>&#8220;Estas pr\u00e1cticas son equiparadas con la tortura; estamos hablando que generalmente se hacen a menores de edad y adem\u00e1s con un principio que no es v\u00e1lido, porque la homosexualidad y la transexualidad no son enfermedades&#8221;, expuso la defensora de derechos humanos.<\/p>\n","protected":false},"excerpt":{"rendered":"<p>De dos a cinco a\u00f1os de prisi\u00f3n a quienes obliguen a personas a someterse a estas terapias, adem\u00e1s de 50 a 100 horas de trabajo comunitario<\/p>\n","protected":false},"author":81,"featured_media":0,"comment_status":"closed","ping_status":"open","sticky":false,"template":"","format":"standard","meta":{"footnotes":""},"categories":[15,63],"tags":[],"class_list":["post-125774","post","type-post","status-publish","format-standard","hentry","category-destacadas","category-las-camaras"],"_links":{"self":[{"href":"https:\/\/plazajuarez.mx\/historico\/wp-json\/wp\/v2\/posts\/125774","targetHints":{"allow":["GET"]}}],"collection":[{"href":"https:\/\/plazajuarez.mx\/historico\/wp-json\/wp\/v2\/posts"}],"about":[{"href":"https:\/\/plazajuarez.mx\/historico\/wp-json\/wp\/v2\/types\/post"}],"author":[{"embeddable":true,"href":"https:\/\/plazajuarez.mx\/historico\/wp-json\/wp\/v2\/users\/81"}],"replies":[{"embeddable":true,"href":"https:\/\/plazajuarez.mx\/historico\/wp-json\/wp\/v2\/comments?post=125774"}],"version-history":[{"count":0,"href":"https:\/\/plazajuarez.mx\/historico\/wp-json\/wp\/v2\/posts\/125774\/revisions"}],"wp:attachment":[{"href":"https:\/\/plazajuarez.mx\/historico\/wp-json\/wp\/v2\/media?parent=125774"}],"wp:term":[{"taxonomy":"category","embeddable":true,"href":"https:\/\/plazajuarez.mx\/historico\/wp-json\/wp\/v2\/categories?post=125774"},{"taxonomy":"post_tag","embeddable":true,"href":"https:\/\/plazajuarez.mx\/historico\/wp-json\/wp\/v2\/tags?post=125774"}],"curies":[{"name":"wp","href":"https:\/\/api.w.org\/{rel}","templated":true}]}}