{"id":125610,"date":"2020-07-24T17:04:23","date_gmt":"2020-07-24T22:04:23","guid":{"rendered":"https:\/\/plazajuarez.mx\/?p=125610"},"modified":"2020-07-24T17:04:38","modified_gmt":"2020-07-24T22:04:38","slug":"amlo-confirma-muerte-de-su-prima-ursula-mojica-obrador-por-covid-19","status":"publish","type":"post","link":"https:\/\/plazajuarez.mx\/historico\/amlo-confirma-muerte-de-su-prima-ursula-mojica-obrador-por-covid-19\/","title":{"rendered":"AMLO confirma muerte de su prima \u00darsula Mojica Obrador por Covid-19"},"content":{"rendered":"\n<ul class=\"wp-block-list\"><li><strong>Mojica Obrador viv\u00eda en Tampico, Tamaulipas, donde estaba hospitalizada, pues era delicado su estado de salud, seg\u00fan fuentes de la Secretar\u00eda de Salud estatal<\/strong><\/li><\/ul>\n\n\n\n<!--more-->\n\n\n\n<p>El presidente Andr\u00e9s Manuel L\u00f3pez Obrador confirm\u00f3 la muerte de su prima \u00darsula Mojica Obrador por Covid-19.<br><br>Mojica Obrador viv\u00eda en Tampico, Tamaulipas, donde estaba hospitalizada, pues era delicado su estado de salud, seg\u00fan fuentes de la Secretar\u00eda de Salud estatal.<br><br>Al t\u00e9rmino de un recorrido de supervisi\u00f3n de la rehabilitaci\u00f3n de la v\u00eda del Tren Interoce\u00e1nico, el Presidente confirm\u00f3 el deceso de su familiar.<br><br>Las fuentes de la Secretar\u00eda de Salud de Tamaulipas indicaron que Mojica Obrador ingres\u00f3 al Hospital del ISSSTE en Tampico, el 2 de julio. Despu\u00e9s fue trasladada al hospital Beneficencia Espa\u00f1ola de la misma ciudad.<br><br>Ten\u00eda 69 a\u00f1os de edad y era considerada en situaci\u00f3n de riesgo porque era hipertensa y con grado 3 de obesidad.<br><br>Este jueves, la Secretar\u00eda de Salud inform\u00f3 que M\u00e9xico lleg\u00f3 a los 370 mil 712 casos positivos a Covid-19, con un m\u00e1ximo nuevo de 8 mil 438 contagios, as\u00ed como 41 mil 908 defunciones.<\/p>\n","protected":false},"excerpt":{"rendered":"<p>Mojica Obrador viv\u00eda en Tampico, Tamaulipas, donde estaba hospitalizada, pues era delicado su estado de salud, seg\u00fan fuentes de la Secretar\u00eda de Salud estatal<\/p>\n","protected":false},"author":81,"featured_media":0,"comment_status":"closed","ping_status":"open","sticky":false,"template":"","format":"standard","meta":{"footnotes":""},"categories":[15,36],"tags":[],"class_list":["post-125610","post","type-post","status-publish","format-standard","hentry","category-destacadas","category-nacion"],"_links":{"self":[{"href":"https:\/\/plazajuarez.mx\/historico\/wp-json\/wp\/v2\/posts\/125610","targetHints":{"allow":["GET"]}}],"collection":[{"href":"https:\/\/plazajuarez.mx\/historico\/wp-json\/wp\/v2\/posts"}],"about":[{"href":"https:\/\/plazajuarez.mx\/historico\/wp-json\/wp\/v2\/types\/post"}],"author":[{"embeddable":true,"href":"https:\/\/plazajuarez.mx\/historico\/wp-json\/wp\/v2\/users\/81"}],"replies":[{"embeddable":true,"href":"https:\/\/plazajuarez.mx\/historico\/wp-json\/wp\/v2\/comments?post=125610"}],"version-history":[{"count":0,"href":"https:\/\/plazajuarez.mx\/historico\/wp-json\/wp\/v2\/posts\/125610\/revisions"}],"wp:attachment":[{"href":"https:\/\/plazajuarez.mx\/historico\/wp-json\/wp\/v2\/media?parent=125610"}],"wp:term":[{"taxonomy":"category","embeddable":true,"href":"https:\/\/plazajuarez.mx\/historico\/wp-json\/wp\/v2\/categories?post=125610"},{"taxonomy":"post_tag","embeddable":true,"href":"https:\/\/plazajuarez.mx\/historico\/wp-json\/wp\/v2\/tags?post=125610"}],"curies":[{"name":"wp","href":"https:\/\/api.w.org\/{rel}","templated":true}]}}