{"id":125609,"date":"2020-07-24T18:03:21","date_gmt":"2020-07-24T23:03:21","guid":{"rendered":"https:\/\/plazajuarez.mx\/?p=125609"},"modified":"2020-07-24T18:03:39","modified_gmt":"2020-07-24T23:03:39","slug":"amlo-pide-a-companias-del-tren-interoceanico-cumplir-contratos","status":"publish","type":"post","link":"https:\/\/plazajuarez.mx\/historico\/amlo-pide-a-companias-del-tren-interoceanico-cumplir-contratos\/","title":{"rendered":"AMLO pide a compa\u00f1\u00edas del Tren Interoce\u00e1nico cumplir contratos"},"content":{"rendered":"\n<ul class=\"wp-block-list\"><li><strong>En tiempo y forma, pero sobre todo con el menor costo.\u00a0<\/strong><\/li><\/ul>\n\n\n\n<!--more-->\n\n\n\n<p>El presidente Andr\u00e9s Manuel L\u00f3pez reconoci\u00f3 que uno de los problemas que se ha tenido que padecer es la irresponsabilidad de las empresas constructoras y la corrupci\u00f3n que ha imperado, por lo que pidi\u00f3 a las compa\u00f1\u00edas cumplir con los contratos en tiempo y forma, pero sobre todo con el menor costo.\u00a0<\/p>\n\n\n\n<p>Durante un recorrido de supervisi\u00f3n de la rehabilitaci\u00f3n de la v\u00eda del Tren Interoce\u00e1nico, acompa\u00f1ado por el gobernador Alejandro Murat (PRI) y representantes de las empresas ganadoras, el titular del Ejecutivo record\u00f3 que ahora son otras reglas, ya no se piden sobornos, ya no se piden moches.<br>&#8220;El que gana la licitaci\u00f3n y lo mismo, por eso se les pide a las empresas que cumplan con su deber, con su responsabilidad&#8221;.<\/p>\n\n\n\n<p>El mandatario dijo que las empresas encargadas de la rehabilitaci\u00f3n tendr\u00e1n un a\u00f1o para completar el proyecto por lo que les pidi\u00f3 que cumplan en tiempo, que hagan un trabajo de calidad y que se cobre lo justo, ganancias razonables, que no abusen.<\/p>\n\n\n\n<p>El Presidente destac\u00f3 que el proyecto del tren ir\u00e1 acompa\u00f1ado de un polo de desarrollo con 10 parques industriales en el Istmo.<\/p>\n\n\n\n<p>&#8220;Estos parques industriales van a contar con gas barato, con energ\u00eda el\u00e9ctrica tambi\u00e9n a precios accesibles y en cada parque industrial va a haber un apoyo fiscal, es decir, se van a reducir el ISR y el IVA, para que se instalen empresas con el prop\u00f3sito de que se generen empleos, que haya trabajo&#8221;.<\/p>\n\n\n\n<p>Se\u00f1al\u00f3 que el prop\u00f3sito es que el corredor del istmo se convierta en una cortina para el desarrollo, para que se quede la gente a trabajar en esta franja de nuestro territorio y no tengan que ir por necesidad a buscarse la vida a otros lugares.<\/p>\n","protected":false},"excerpt":{"rendered":"<p>En tiempo y forma, pero sobre todo con el menor costo.\u00a0<\/p>\n","protected":false},"author":81,"featured_media":0,"comment_status":"closed","ping_status":"open","sticky":false,"template":"","format":"standard","meta":{"footnotes":""},"categories":[15,36],"tags":[],"class_list":["post-125609","post","type-post","status-publish","format-standard","hentry","category-destacadas","category-nacion"],"_links":{"self":[{"href":"https:\/\/plazajuarez.mx\/historico\/wp-json\/wp\/v2\/posts\/125609","targetHints":{"allow":["GET"]}}],"collection":[{"href":"https:\/\/plazajuarez.mx\/historico\/wp-json\/wp\/v2\/posts"}],"about":[{"href":"https:\/\/plazajuarez.mx\/historico\/wp-json\/wp\/v2\/types\/post"}],"author":[{"embeddable":true,"href":"https:\/\/plazajuarez.mx\/historico\/wp-json\/wp\/v2\/users\/81"}],"replies":[{"embeddable":true,"href":"https:\/\/plazajuarez.mx\/historico\/wp-json\/wp\/v2\/comments?post=125609"}],"version-history":[{"count":0,"href":"https:\/\/plazajuarez.mx\/historico\/wp-json\/wp\/v2\/posts\/125609\/revisions"}],"wp:attachment":[{"href":"https:\/\/plazajuarez.mx\/historico\/wp-json\/wp\/v2\/media?parent=125609"}],"wp:term":[{"taxonomy":"category","embeddable":true,"href":"https:\/\/plazajuarez.mx\/historico\/wp-json\/wp\/v2\/categories?post=125609"},{"taxonomy":"post_tag","embeddable":true,"href":"https:\/\/plazajuarez.mx\/historico\/wp-json\/wp\/v2\/tags?post=125609"}],"curies":[{"name":"wp","href":"https:\/\/api.w.org\/{rel}","templated":true}]}}