{"id":125591,"date":"2020-07-24T12:47:54","date_gmt":"2020-07-24T17:47:54","guid":{"rendered":"https:\/\/plazajuarez.mx\/?p=125591"},"modified":"2020-07-24T12:48:09","modified_gmt":"2020-07-24T17:48:09","slug":"padre-de-nina-con-cancer-pide-a-ebrard-ayuda-para-repatriar-cuerpo","status":"publish","type":"post","link":"https:\/\/plazajuarez.mx\/historico\/padre-de-nina-con-cancer-pide-a-ebrard-ayuda-para-repatriar-cuerpo\/","title":{"rendered":"Padre de ni\u00f1a con c\u00e1ncer pide a Ebrard ayuda para repatriar cuerpo"},"content":{"rendered":"\n<ul class=\"wp-block-list\"><li><strong>Ante la falla en su coraz\u00f3n y otros \u00f3rganos, la ni\u00f1a ser\u00e1 desconectada por lo que Rupprecht pidi\u00f3 al canciller Marcelo Ebrard que el gobierno mexicano colabore en el traslado del cuerpo de Suiza a M\u00e9xico<\/strong><\/li><\/ul>\n\n\n\n<!--more-->\n\n\n\n<p>Walter Rupprecht, padre de la ni\u00f1a Ana Luc\u00eda, inform\u00f3 que su hija ser\u00e1 desconectada en Suiza, luego de que su cuerpo no respondi\u00f3 a una terapia para el c\u00e1ncer que padece desde el 2019.<br><br>Ante la falla en su coraz\u00f3n y otros \u00f3rganos, la ni\u00f1a ser\u00e1 desconectada por lo que Rupprecht pidi\u00f3 al canciller Marcelo Ebrard que el gobierno mexicano colabore en el traslado del cuerpo de Suiza a M\u00e9xico.<br><br>Ante la petici\u00f3n, Ebrard se\u00f1al\u00f3 que trabaja en ello. Lamento mucho lo que est\u00e1 sucediendo, he pedido a la Embajadora Cecilia Jaber establezca contacto con uds para apoyarles en todo. Estoy atento&#8221;, dijo.<br><br>Walter Rupprecht y su esposa Rosalba decidieron que la ni\u00f1a Ana Luc\u00eda y su padre buscar\u00edan en Suiza un tratamiento para leucemia de la ni\u00f1a, pues acusaron que no hubo ayuda en M\u00e9xico.<br><br>&#8220;Nos vamos porque en M\u00e9xico no nos quisieron ayudar. Desde el mes de septiembre hemos estado esperando medicamento para nuestra hija y ahora nos vemos obligados a buscar otras opciones&#8221;, dice Walter Rupprecht.<br> <br>A principios de este a\u00f1o, el padre de la ni\u00f1a calcul\u00f3 que tendr\u00eda que gastar alrededor de 11 mil pesos mensuales en el tratamiento de su hija en Z\u00farich, por lo que tuvo que pedir alg\u00fan apoyo econ\u00f3mico al gobierno de ese pa\u00eds, de donde tiene nacionalidad.<br><br>La historia de Ana Luc\u00eda y sus padres fue publicada por el columnista de EL UNIVERSAL, H\u00e9ctor de Maule\u00f3n, en medio del desabasto de medicinas a ni\u00f1os con c\u00e1ncer.<\/p>\n","protected":false},"excerpt":{"rendered":"<p>Ante la falla en su coraz\u00f3n y otros \u00f3rganos, la ni\u00f1a ser\u00e1 desconectada por lo que Rupprecht pidi\u00f3 al canciller Marcelo Ebrard que el gobierno mexicano colabore en el traslado del cuerpo de Suiza a M\u00e9xico<\/p>\n","protected":false},"author":81,"featured_media":0,"comment_status":"closed","ping_status":"open","sticky":false,"template":"","format":"standard","meta":{"footnotes":""},"categories":[15,36],"tags":[],"class_list":["post-125591","post","type-post","status-publish","format-standard","hentry","category-destacadas","category-nacion"],"_links":{"self":[{"href":"https:\/\/plazajuarez.mx\/historico\/wp-json\/wp\/v2\/posts\/125591","targetHints":{"allow":["GET"]}}],"collection":[{"href":"https:\/\/plazajuarez.mx\/historico\/wp-json\/wp\/v2\/posts"}],"about":[{"href":"https:\/\/plazajuarez.mx\/historico\/wp-json\/wp\/v2\/types\/post"}],"author":[{"embeddable":true,"href":"https:\/\/plazajuarez.mx\/historico\/wp-json\/wp\/v2\/users\/81"}],"replies":[{"embeddable":true,"href":"https:\/\/plazajuarez.mx\/historico\/wp-json\/wp\/v2\/comments?post=125591"}],"version-history":[{"count":0,"href":"https:\/\/plazajuarez.mx\/historico\/wp-json\/wp\/v2\/posts\/125591\/revisions"}],"wp:attachment":[{"href":"https:\/\/plazajuarez.mx\/historico\/wp-json\/wp\/v2\/media?parent=125591"}],"wp:term":[{"taxonomy":"category","embeddable":true,"href":"https:\/\/plazajuarez.mx\/historico\/wp-json\/wp\/v2\/categories?post=125591"},{"taxonomy":"post_tag","embeddable":true,"href":"https:\/\/plazajuarez.mx\/historico\/wp-json\/wp\/v2\/tags?post=125591"}],"curies":[{"name":"wp","href":"https:\/\/api.w.org\/{rel}","templated":true}]}}