{"id":125588,"date":"2020-07-24T12:38:53","date_gmt":"2020-07-24T17:38:53","guid":{"rendered":"https:\/\/plazajuarez.mx\/?p=125588"},"modified":"2020-07-24T12:40:44","modified_gmt":"2020-07-24T17:40:44","slug":"defienden-iniciativa-para-penalizar-terapias-de-conversion-sexual","status":"publish","type":"post","link":"https:\/\/plazajuarez.mx\/historico\/defienden-iniciativa-para-penalizar-terapias-de-conversion-sexual\/","title":{"rendered":"Defienden iniciativa para penalizar terapias de conversi\u00f3n sexual"},"content":{"rendered":"\n<ul class=\"wp-block-list\"><li><strong>El dictamen \u00fanicamente penalizar\u00e1 los m\u00e9todos violentos que se utilicen contras las personas para obligarlas a orientar su sexualidad, en terapias, tratamientos, sean m\u00e9dicos, psicol\u00f3gicos, o en acompa\u00f1amientos espirituales y religiosos<\/strong><\/li><\/ul>\n\n\n\n<!--more-->\n\n\n\n<p>El grupo parlamentario de Morena en la Ciudad de M\u00e9xico defendi\u00f3 la iniciativa para penalizar las terapias de conversi\u00f3n sexual y mencion\u00f3 que el dictamen delimita el tipo penal, para permitir acompa\u00f1amiento religioso, terap\u00e9utico y m\u00e9dico, para orientar la sexualidad de las personas.<\/p>\n\n\n\n<p><br>El diputado Eduardo Santill\u00e1n, presidente de la comisi\u00f3n de administraci\u00f3n y procuraci\u00f3n de justicia, mencion\u00f3 en conferencia de prensa, -previo al inicio del periodo extraordinario de sesiones en el Congreso capitalino en donde se discutir\u00e1n cuatro dict\u00e1menes entre los que se incluye las terapias de conversi\u00f3n sexual-, que no &#8220;no se penaliza bajo ninguna circunstancia la actividad m\u00e9dica, se garantiza el ejercicio libre de la profesi\u00f3n m\u00e9dica y no se criminaliza la actividad de ministros de culto religioso&#8221;.<\/p>\n\n\n\n<p><br>Ante esto, el dictamen \u00fanicamente penalizar\u00e1 los m\u00e9todos violentos que se utilicen contras las personas para obligarlas a orientar su sexualidad, en terapias, tratamientos, sean m\u00e9dicos, psicol\u00f3gicos, o en acompa\u00f1amientos espirituales y religiosos.<\/p>\n\n\n\n<p><br>Eduardo Santill\u00e1n dijo que el grupo parlamentario de Morena no se tiene contemplada ninguna reserva al dictamen, ya que \u00e9sta define la penalizaci\u00f3n para los tratamientos que pretenda modificar la preferencia de una persona a trav\u00e9s de la violencia emociona, psicosocial, tratos crueles o denigrantes.<\/p>\n\n\n\n<p><br>&#8220;Que no est\u00e1 sancionado, un tratamiento psicol\u00f3gico en donde se tratan aspectos de sexualidad sin que haya violencia, eso no es una terapia de reconversi\u00f3n; una pl\u00e1tica, una orientaci\u00f3n de un ministro de culto religioso donde da su opini\u00f3n a un feligr\u00e9s, eso no es una terapia de reconversi\u00f3n&#8221;, dijo.<\/p>\n\n\n\n<p><br>En cuanto al resto de los dict\u00e1menes que se discutir\u00e1n este d\u00eda, el grupo de Morena adelant\u00f3 que votar\u00e1n en conjunto para la aprobaci\u00f3n de las reformas a la ley org\u00e1nica de la fiscal\u00eda capitalina para la elecci\u00f3n del fiscal anti corrupci\u00f3n y electora, as\u00ed como el tema de la violencia pol\u00edtica, la cual no se aplicar\u00e1 para el periodo electoral de este a\u00f1o, as\u00ed como la aprobaci\u00f3n del dictamen para ejercer el presupuesto participativo para el 2021.<\/p>\n","protected":false},"excerpt":{"rendered":"<p>El dictamen \u00fanicamente penalizar\u00e1 los m\u00e9todos violentos que se utilicen contras las personas para obligarlas a orientar su sexualidad, en terapias, tratamientos, sean m\u00e9dicos, psicol\u00f3gicos, o en acompa\u00f1amientos espirituales y religiosos<\/p>\n","protected":false},"author":81,"featured_media":0,"comment_status":"closed","ping_status":"open","sticky":false,"template":"","format":"standard","meta":{"footnotes":""},"categories":[15,63],"tags":[],"class_list":["post-125588","post","type-post","status-publish","format-standard","hentry","category-destacadas","category-las-camaras"],"_links":{"self":[{"href":"https:\/\/plazajuarez.mx\/historico\/wp-json\/wp\/v2\/posts\/125588","targetHints":{"allow":["GET"]}}],"collection":[{"href":"https:\/\/plazajuarez.mx\/historico\/wp-json\/wp\/v2\/posts"}],"about":[{"href":"https:\/\/plazajuarez.mx\/historico\/wp-json\/wp\/v2\/types\/post"}],"author":[{"embeddable":true,"href":"https:\/\/plazajuarez.mx\/historico\/wp-json\/wp\/v2\/users\/81"}],"replies":[{"embeddable":true,"href":"https:\/\/plazajuarez.mx\/historico\/wp-json\/wp\/v2\/comments?post=125588"}],"version-history":[{"count":0,"href":"https:\/\/plazajuarez.mx\/historico\/wp-json\/wp\/v2\/posts\/125588\/revisions"}],"wp:attachment":[{"href":"https:\/\/plazajuarez.mx\/historico\/wp-json\/wp\/v2\/media?parent=125588"}],"wp:term":[{"taxonomy":"category","embeddable":true,"href":"https:\/\/plazajuarez.mx\/historico\/wp-json\/wp\/v2\/categories?post=125588"},{"taxonomy":"post_tag","embeddable":true,"href":"https:\/\/plazajuarez.mx\/historico\/wp-json\/wp\/v2\/tags?post=125588"}],"curies":[{"name":"wp","href":"https:\/\/api.w.org\/{rel}","templated":true}]}}