{"id":125515,"date":"2020-07-24T07:46:33","date_gmt":"2020-07-24T12:46:33","guid":{"rendered":"https:\/\/plazajuarez.mx\/?p=125515"},"modified":"2020-07-24T07:46:48","modified_gmt":"2020-07-24T12:46:48","slug":"impediran-peregrinacion-en-municipio","status":"publish","type":"post","link":"https:\/\/plazajuarez.mx\/historico\/impediran-peregrinacion-en-municipio\/","title":{"rendered":"Impedir\u00e1n peregrinaci\u00f3n en municipio"},"content":{"rendered":"\n<ul class=\"wp-block-list\"><li><strong>Se trata de la procesi\u00f3n anual de Quer\u00e9taro, que se dirige a la Bas\u00edlica de Guadalupe de la CDMX<\/strong><\/li><\/ul>\n\n\n\n<ul class=\"wp-block-list\"><li><strong>El gobierno municipal reiter\u00f3 que Hidalgo se encuentra en sem\u00e1foro epidemiol\u00f3gico rojo. Estas actividades no est\u00e1n permitidas<\/strong><\/li><\/ul>\n\n\n\n<!--more-->\n\n\n\n<p><strong>Tepeji del R\u00edo.- <\/strong>El Gobierno Municipal de Tepeji se deslinda de la peregrinaci\u00f3n de hombres y mujeres que, proveniente de Quer\u00e9taro, se dirige a la Bas\u00edlica de Guadalupe de la CDMX, al recordar que desde el mes de mayo, debido a la emergencia sanitaria en el pa\u00eds por COVID-19, la Di\u00f3cesis de Quer\u00e9taro anunci\u00f3 la cancelaci\u00f3n de la tradicional procesi\u00f3n que a\u00f1o con a\u00f1o congrega a miles de personas, por lo que exhort\u00f3 a los participantes a acatar la indicaci\u00f3n y resguardarse.<\/p>\n\n\n\n<p>En un comunicado, dijo que en las \u00faltimas horas la Di\u00f3cesis de Quer\u00e9taro emiti\u00f3 un pronunciamiento en el que, de igual manera, se deslinda de dicha actividad y exhorta a los participantes a regresar a sus lugares de origen ante la pandemia.<\/p>\n\n\n\n<p>El gobierno local tepejano puntualiz\u00f3 que ha entablado comunicaci\u00f3n con los l\u00edderes eclesi\u00e1sticos, manteni\u00e9ndose al pendiente de la situaci\u00f3n.&nbsp;<\/p>\n\n\n\n<p>Hizo \u00e9nfasis en que Tepeji del R\u00edo ha tenido un aumento exponencial en las cifras de contagios y muertes en los \u00faltimos d\u00edas, por lo que se ha instruido a las instancias de Protecci\u00f3n Civil, Seguridad P\u00fablica Municipal, Salud y Sanidad Municipal a mantenerse al pendiente y evitar el ingreso de esta romer\u00eda a la cabecera municipal y comunidades o colonias aleda\u00f1as.&nbsp; Se\u00f1ala que no podr\u00e1n instalarse o pernoctar en&nbsp;la demarcaci\u00f3n.&nbsp;<\/p>\n\n\n\n<p>Se pidi\u00f3 a la Guardia Nacional estar al pendiente en la autopista M\u00e9xico-Quer\u00e9taro.<\/p>\n\n\n\n<p>Se record\u00f3 que para el paso de peregrinajes, a\u00f1o con a\u00f1o, se realiza un operativo sanitario y de seguridad especial, ya que en algunas ocasiones, durante el trayecto, las personas adquieren enfermedades estomacales, de v\u00edas respiratorias o lesiones, por la naturaleza del trayecto; es por ello que, como autoridad municipal, manteniendo estrecha comunicaci\u00f3n y coordinaci\u00f3n con las dependencias de Salud del Gobierno del Estado de Hidalgo; se velar\u00e1 por la sanidad de la poblaci\u00f3n de Tepeji del R\u00edo, evitando la propagaci\u00f3n de cualquier tipo de padecimiento.<\/p>\n","protected":false},"excerpt":{"rendered":"<p>Se trata de la procesi\u00f3n anual de Quer\u00e9taro, que se dirige a la Bas\u00edlica de Guadalupe de la CDMX El gobierno municipal reiter\u00f3 que Hidalgo se encuentra en sem\u00e1foro epidemiol\u00f3gico rojo. Estas actividades no est\u00e1n permitidas<\/p>\n","protected":false},"author":71,"featured_media":0,"comment_status":"closed","ping_status":"open","sticky":false,"template":"","format":"standard","meta":{"footnotes":""},"categories":[40],"tags":[],"class_list":["post-125515","post","type-post","status-publish","format-standard","hentry","category-region"],"_links":{"self":[{"href":"https:\/\/plazajuarez.mx\/historico\/wp-json\/wp\/v2\/posts\/125515","targetHints":{"allow":["GET"]}}],"collection":[{"href":"https:\/\/plazajuarez.mx\/historico\/wp-json\/wp\/v2\/posts"}],"about":[{"href":"https:\/\/plazajuarez.mx\/historico\/wp-json\/wp\/v2\/types\/post"}],"author":[{"embeddable":true,"href":"https:\/\/plazajuarez.mx\/historico\/wp-json\/wp\/v2\/users\/71"}],"replies":[{"embeddable":true,"href":"https:\/\/plazajuarez.mx\/historico\/wp-json\/wp\/v2\/comments?post=125515"}],"version-history":[{"count":0,"href":"https:\/\/plazajuarez.mx\/historico\/wp-json\/wp\/v2\/posts\/125515\/revisions"}],"wp:attachment":[{"href":"https:\/\/plazajuarez.mx\/historico\/wp-json\/wp\/v2\/media?parent=125515"}],"wp:term":[{"taxonomy":"category","embeddable":true,"href":"https:\/\/plazajuarez.mx\/historico\/wp-json\/wp\/v2\/categories?post=125515"},{"taxonomy":"post_tag","embeddable":true,"href":"https:\/\/plazajuarez.mx\/historico\/wp-json\/wp\/v2\/tags?post=125515"}],"curies":[{"name":"wp","href":"https:\/\/api.w.org\/{rel}","templated":true}]}}