{"id":125504,"date":"2020-07-24T07:42:20","date_gmt":"2020-07-24T12:42:20","guid":{"rendered":"https:\/\/plazajuarez.mx\/?p=125504"},"modified":"2020-07-24T07:42:34","modified_gmt":"2020-07-24T12:42:34","slug":"muere-un-hombre-tras-ser-atropellado-en-la-via-mexico-tuxpan","status":"publish","type":"post","link":"https:\/\/plazajuarez.mx\/historico\/muere-un-hombre-tras-ser-atropellado-en-la-via-mexico-tuxpan\/","title":{"rendered":"Muere un hombre tras ser atropellado en la v\u00eda M\u00e9xico-Tuxpan"},"content":{"rendered":"\n<ul class=\"wp-block-list\"><li><strong>Se fuga el presunto responsable chofer&nbsp;<\/strong><\/li><\/ul>\n\n\n\n<ul class=\"wp-block-list\"><li><strong>La v\u00edctima no ha sido reconocida. Se le calcula una edad entre los 25 y 30 a\u00f1os<\/strong><\/li><\/ul>\n\n\n\n<!--more-->\n\n\n\n<p><strong>Tulancingo<\/strong>.- Justo frente a la estaci\u00f3n de Bomberos del municipio de Tulancingo, ubicada en la carretera federal M\u00e9xico \u2013 Tuxpan, la noche del martes, fue atropellado un hombre que pr\u00e1cticamente perdi\u00f3 la vida al instante, sin que se lograra detener al presunto responsable.<\/p>\n\n\n\n<p>El lamentable hecho se registr\u00f3 aproximadamente a las 22:10 horas, sobre el carril que va hacia el crucero de Acatl\u00e1n. El infortunado hombre no hab\u00eda sido identificado, pero se le calcula una edad entre los 25 y 30 a\u00f1os.<\/p>\n\n\n\n<p>Al acudir, los servicios de emergencia, confirmaron que el afectado ya no contaba con signos vitales, por lo que se dio parte a la autoridad ministerial para llevar a cabo el procedimiento correspondiente.<\/p>\n\n\n\n<p>Por este hecho, se dio inicio a la carpeta de investigaci\u00f3n 18-UICPD-III-2020-096.<\/p>\n\n\n\n<p>El pasado 14 de julio, tan solo una semana antes, una mujer de 73 a\u00f1os tambi\u00e9n fue atropellada en la misma v\u00eda, aunque en otro punto, a unos dos kil\u00f3metros de distancia.<\/p>\n\n\n\n<p>La septuagenaria es reportada como grave y requiere de una fuerte suma de dinero para que pueda ser intervenida quir\u00fargicamente.<\/p>\n","protected":false},"excerpt":{"rendered":"<p>Se fuga el presunto responsable chofer&nbsp; La v\u00edctima no ha sido reconocida. Se le calcula una edad entre los 25 y 30 a\u00f1os<\/p>\n","protected":false},"author":93,"featured_media":0,"comment_status":"closed","ping_status":"open","sticky":false,"template":"","format":"standard","meta":{"footnotes":""},"categories":[40],"tags":[],"class_list":["post-125504","post","type-post","status-publish","format-standard","hentry","category-region"],"_links":{"self":[{"href":"https:\/\/plazajuarez.mx\/historico\/wp-json\/wp\/v2\/posts\/125504","targetHints":{"allow":["GET"]}}],"collection":[{"href":"https:\/\/plazajuarez.mx\/historico\/wp-json\/wp\/v2\/posts"}],"about":[{"href":"https:\/\/plazajuarez.mx\/historico\/wp-json\/wp\/v2\/types\/post"}],"author":[{"embeddable":true,"href":"https:\/\/plazajuarez.mx\/historico\/wp-json\/wp\/v2\/users\/93"}],"replies":[{"embeddable":true,"href":"https:\/\/plazajuarez.mx\/historico\/wp-json\/wp\/v2\/comments?post=125504"}],"version-history":[{"count":0,"href":"https:\/\/plazajuarez.mx\/historico\/wp-json\/wp\/v2\/posts\/125504\/revisions"}],"wp:attachment":[{"href":"https:\/\/plazajuarez.mx\/historico\/wp-json\/wp\/v2\/media?parent=125504"}],"wp:term":[{"taxonomy":"category","embeddable":true,"href":"https:\/\/plazajuarez.mx\/historico\/wp-json\/wp\/v2\/categories?post=125504"},{"taxonomy":"post_tag","embeddable":true,"href":"https:\/\/plazajuarez.mx\/historico\/wp-json\/wp\/v2\/tags?post=125504"}],"curies":[{"name":"wp","href":"https:\/\/api.w.org\/{rel}","templated":true}]}}