{"id":125503,"date":"2020-07-24T07:42:30","date_gmt":"2020-07-24T12:42:30","guid":{"rendered":"https:\/\/plazajuarez.mx\/?p=125503"},"modified":"2020-07-24T07:42:41","modified_gmt":"2020-07-24T12:42:41","slug":"urge-sesion-de-cabildo-para-resolver-problemas-por-covid","status":"publish","type":"post","link":"https:\/\/plazajuarez.mx\/historico\/urge-sesion-de-cabildo-para-resolver-problemas-por-covid\/","title":{"rendered":"Urge sesi\u00f3n de Cabildo para resolver problemas por Covid"},"content":{"rendered":"\n<ul class=\"wp-block-list\"><li><strong>\u201cEs necesaria una sesi\u00f3n extraordinaria\u201d, apunta la regidora panista Guadalupe Pe\u00f1a Hern\u00e1ndez<\/strong><\/li><\/ul>\n\n\n\n<ul class=\"wp-block-list\"><li><strong>Asegura que se debe analizar c\u00f3mo se puede apoyar a la ciudadan\u00eda, toda vez que la situaci\u00f3n econ\u00f3mica cada vez es m\u00e1s complicada<\/strong><\/li><\/ul>\n\n\n\n<!--more-->\n\n\n\n<p><strong>Tula de Allende<\/strong>.- La regidora Guadalupe Pe\u00f1a Hern\u00e1ndez dijo que urge se convoque a los asamble\u00edstas a sesi\u00f3n extraordinaria para tratar problem\u00e1ticas que se est\u00e1n presentando en Tula a consecuencia de la pandemia.\u00a0<\/p>\n\n\n\n<p>La concejal panista manifest\u00f3 que el gobierno municipal debe apoyar a las empresas con el descuento en impuestos; dijo que actualmente la ciudadan\u00eda no es la que m\u00e1s debe el predial, sino las que m\u00e1s deben esa contribuci\u00f3n son las empresas, por lo que se requiere incentivar a las industrias que durante la pandemia no han despedido a sus trabajadores.<\/p>\n\n\n\n<p>\u201cSe deben buscar alternativas para negocios que se han visto afectados por el cierre de sus establecimientos\u201d.&nbsp;<\/p>\n\n\n\n<p>Propone que, como \u00f3rgano colegiado, dise\u00f1en estrategias que beneficien a la poblaci\u00f3n para aligerar la situaci\u00f3n econ\u00f3mica que viven muchas familias tulenses.<\/p>\n\n\n\n<p>Pe\u00f1a Hern\u00e1ndez se\u00f1al\u00f3 que uno de los temas a analizar es la reapertura de bares, toda vez que mucha gente se est\u00e1 quedando sin su fuente de ingreso.&nbsp;<\/p>\n\n\n\n<p>Coment\u00f3 que no entiende por qu\u00e9 en la \u00faltima sesi\u00f3n de cabildo se baj\u00f3 el tema de la condonaci\u00f3n de impuestos; reconoci\u00f3 que hay ciudadanos que pagan a tiempo sus contribuciones, pero que tambi\u00e9n se debe escuchar a quienes no lo hacen y darles una ayudadita.&nbsp;<\/p>\n\n\n\n<p>\u201cHoy m\u00e1s que nunca, las autoridades deben estar cercanas a la gente y apoyarles en lo que m\u00e1s se pueda, para salir juntos de la pandemia, y qu\u00e9 mejor que hacerlo fortalecidos y preservando la salud\u201d.<\/p>\n","protected":false},"excerpt":{"rendered":"<p>\u201cEs necesaria una sesi\u00f3n extraordinaria\u201d, apunta la regidora panista Guadalupe Pe\u00f1a Hern\u00e1ndez Asegura que se debe analizar c\u00f3mo se puede apoyar a la ciudadan\u00eda, toda vez que la situaci\u00f3n econ\u00f3mica cada vez es m\u00e1s complicada<\/p>\n","protected":false},"author":71,"featured_media":0,"comment_status":"closed","ping_status":"open","sticky":false,"template":"","format":"standard","meta":{"footnotes":""},"categories":[40],"tags":[],"class_list":["post-125503","post","type-post","status-publish","format-standard","hentry","category-region"],"_links":{"self":[{"href":"https:\/\/plazajuarez.mx\/historico\/wp-json\/wp\/v2\/posts\/125503","targetHints":{"allow":["GET"]}}],"collection":[{"href":"https:\/\/plazajuarez.mx\/historico\/wp-json\/wp\/v2\/posts"}],"about":[{"href":"https:\/\/plazajuarez.mx\/historico\/wp-json\/wp\/v2\/types\/post"}],"author":[{"embeddable":true,"href":"https:\/\/plazajuarez.mx\/historico\/wp-json\/wp\/v2\/users\/71"}],"replies":[{"embeddable":true,"href":"https:\/\/plazajuarez.mx\/historico\/wp-json\/wp\/v2\/comments?post=125503"}],"version-history":[{"count":0,"href":"https:\/\/plazajuarez.mx\/historico\/wp-json\/wp\/v2\/posts\/125503\/revisions"}],"wp:attachment":[{"href":"https:\/\/plazajuarez.mx\/historico\/wp-json\/wp\/v2\/media?parent=125503"}],"wp:term":[{"taxonomy":"category","embeddable":true,"href":"https:\/\/plazajuarez.mx\/historico\/wp-json\/wp\/v2\/categories?post=125503"},{"taxonomy":"post_tag","embeddable":true,"href":"https:\/\/plazajuarez.mx\/historico\/wp-json\/wp\/v2\/tags?post=125503"}],"curies":[{"name":"wp","href":"https:\/\/api.w.org\/{rel}","templated":true}]}}