{"id":125495,"date":"2020-07-24T07:37:21","date_gmt":"2020-07-24T12:37:21","guid":{"rendered":"https:\/\/plazajuarez.mx\/?p=125495"},"modified":"2020-07-24T07:37:35","modified_gmt":"2020-07-24T12:37:35","slug":"supervisan-que-se-cumplan-con-lineamientos-sanitarios","status":"publish","type":"post","link":"https:\/\/plazajuarez.mx\/historico\/supervisan-que-se-cumplan-con-lineamientos-sanitarios\/","title":{"rendered":"Supervisan que se cumplan con lineamientos sanitarios"},"content":{"rendered":"\n<ul class=\"wp-block-list\"><li><strong>La vigilancia es continua; en caso de no hacerlo, se cerrar\u00e1 el comercio<\/strong><\/li><\/ul>\n\n\n\n<ul class=\"wp-block-list\"><li><strong>Se pudo constatar que\u00a0 los establecimientos est\u00e1n cumpliendo con los lineamientos sanitarios, para visitantes y proveedores<\/strong><\/li><\/ul>\n\n\n\n<!--more-->\n\n\n\n<p><strong>Tula de Allende<\/strong>.- La Presidencia Municipal, a trav\u00e9s de sus \u00e1reas de Salud, Reglamentos y Seguridad P\u00fablica, se sum\u00f3 al Operativo de Reforzamiento Sanitario a las Medidas de Prevenci\u00f3n de Enfermedades Respiratorias de la Copriseh, en el que particip\u00f3 tambi\u00e9n la Jurisdicci\u00f3n Sanitaria III en esta regi\u00f3n.<\/p>\n\n\n\n<p>Se da seguimiento a los trabajos que se llevan en Tula, en vigilancia sanitaria de comercios y establecimientos ante la pandemia.<\/p>\n\n\n\n<p>Con la participaci\u00f3n del&nbsp; doctor Alfonso Flores Galv\u00e1n, delegado jurisdiccional de la Copriseh en la Jurisdicci\u00f3n Sanitaria III, fueron visitados locatarios del tianguis y del mercado municipal, adem\u00e1s de los comercios situados en el primer cuadro de la ciudad, as\u00ed como en la plaza comercial del bulevar Tula-Iturbe.<\/p>\n\n\n\n<p>En este ejercicio se ha hecho \u00e9nfasis en el uso obligatorio del cubrebocas del personal de atenci\u00f3n y en los clientes.&nbsp;<\/p>\n\n\n\n<p>En la verificaci\u00f3n, participan tambi\u00e9n la Direcci\u00f3n de Salud Municipal y Reglamentos, Espect\u00e1culos y Comercio de Tula.&nbsp;<\/p>\n\n\n\n<p>En tanto, se resolvieron algunas dudas sobre el uso del term\u00f3metro infrarrojo del que se asegura la luz no causa efecto nocivo a la salud. La luz que usa es la misma del control remoto de un televisor.<\/p>\n\n\n\n<p>Las medidas sanitarias indispensables son el distanciamiento o barreras f\u00edsicas, filtro sanitario, lavado de manos o uso se alcohol en gel, capacitaci\u00f3n del personal, protocolos de limpieza y desinfecci\u00f3n de superficies, term\u00f3metro e instrumentos para registro de s\u00edntomas as\u00ed como la gu\u00eda de actuaci\u00f3n en caso de detectar trabajadores o clientes con s\u00edntomas.<\/p>\n","protected":false},"excerpt":{"rendered":"<p>La vigilancia es continua; en caso de no hacerlo, se cerrar\u00e1 el comercio Se pudo constatar que\u00a0 los establecimientos est\u00e1n cumpliendo con los lineamientos sanitarios, para visitantes y proveedores<\/p>\n","protected":false},"author":93,"featured_media":0,"comment_status":"closed","ping_status":"open","sticky":false,"template":"","format":"standard","meta":{"footnotes":""},"categories":[40],"tags":[],"class_list":["post-125495","post","type-post","status-publish","format-standard","hentry","category-region"],"_links":{"self":[{"href":"https:\/\/plazajuarez.mx\/historico\/wp-json\/wp\/v2\/posts\/125495","targetHints":{"allow":["GET"]}}],"collection":[{"href":"https:\/\/plazajuarez.mx\/historico\/wp-json\/wp\/v2\/posts"}],"about":[{"href":"https:\/\/plazajuarez.mx\/historico\/wp-json\/wp\/v2\/types\/post"}],"author":[{"embeddable":true,"href":"https:\/\/plazajuarez.mx\/historico\/wp-json\/wp\/v2\/users\/93"}],"replies":[{"embeddable":true,"href":"https:\/\/plazajuarez.mx\/historico\/wp-json\/wp\/v2\/comments?post=125495"}],"version-history":[{"count":0,"href":"https:\/\/plazajuarez.mx\/historico\/wp-json\/wp\/v2\/posts\/125495\/revisions"}],"wp:attachment":[{"href":"https:\/\/plazajuarez.mx\/historico\/wp-json\/wp\/v2\/media?parent=125495"}],"wp:term":[{"taxonomy":"category","embeddable":true,"href":"https:\/\/plazajuarez.mx\/historico\/wp-json\/wp\/v2\/categories?post=125495"},{"taxonomy":"post_tag","embeddable":true,"href":"https:\/\/plazajuarez.mx\/historico\/wp-json\/wp\/v2\/tags?post=125495"}],"curies":[{"name":"wp","href":"https:\/\/api.w.org\/{rel}","templated":true}]}}