{"id":125236,"date":"2020-07-22T13:32:48","date_gmt":"2020-07-22T18:32:48","guid":{"rendered":"https:\/\/plazajuarez.mx\/?p=125236"},"modified":"2020-07-22T13:33:02","modified_gmt":"2020-07-22T18:33:02","slug":"desacuerdos-en-consejeros-del-ine-atoran-decision-en-san-lazaro","status":"publish","type":"post","link":"https:\/\/plazajuarez.mx\/historico\/desacuerdos-en-consejeros-del-ine-atoran-decision-en-san-lazaro\/","title":{"rendered":"Desacuerdos en consejeros del INE atoran decisi\u00f3n en San L\u00e1zaro"},"content":{"rendered":"\n<p>La hora de la cita a periodo extraordinario de sesiones de la C\u00e1mara de Diputados para votar a los 4 nuevos consejeros del Instituto Nacional Electoral (INE) se cumpli\u00f3 este mediod\u00eda sin que los coordinadores que integran la Junta de Coordinaci\u00f3n Pol\u00edtica (Jucopo) hayan llegado a un acuerdo.<\/p>\n\n\n\n<p><br>Anoche, la Jucopo se instal\u00f3 para aplicar el &#8220;reloj legislativo&#8221;&#8211; pues el plazo para tener las 4 propuestas venc\u00eda legalmente el \u00faltimo minuto de ayer 21 de julio&#8211; y cit\u00f3 para hoy por la ma\u00f1ana.<\/p>\n\n\n\n<p><br>Luego de que el l\u00edder de Morena, Mario Delgado, acudiera a entrevistarse con el presidente Andr\u00e9s Manuel L\u00f3pez Obrador a Palacio Nacional, regres\u00f3 y est\u00e1n por reiniciarse los trabajos de los coordinadores.<\/p>\n\n\n\n<p><br>As\u00ed, hasta ahora se mantiene atorada la negociaci\u00f3n para sacar adelante por consenso los 4 nombramientos de consejeros electorales, por desacuerdos entre dos bloques: el de la 4T legislativa (Morena, PT, PES y PVEM) y el de la oposici\u00f3n que integran las otras cuatro bancadas: PAN, PRI, PRD y Movimiento Ciudadano.<\/p>\n\n\n\n<p><br>Ambos insisten en sus propias propuestas de consejeros para el INE, pero la mayor\u00eda morenista y sus aliados podr\u00edan alcanzar la mayor\u00eda calificada de los diputados presentes, y decidir por s\u00ed sola.<\/p>\n\n\n\n<p><br>Seg\u00fan versiones extraoficiales, ambos bloques s\u00f3lo podr\u00edan avanzar en dos nombres para llegar al INE: Carla Humphrey (pero con fuerte rechazo del ala dura de Morena y PT) y Ucc-Kib Espadas.<\/p>\n\n\n\n<p><br>Pero lo que los separa son las otras dos designaciones, en las que imponen vetos.<\/p>\n\n\n\n<p><br>Est\u00e1n vetados, del lado de la mayor\u00eda morenista, Rita Bell L\u00f3pez, acusada de ser priista y considerada por el PT como cercana al gobernador oaxaque\u00f1o Alejandro Murat, y Yuri Beltr\u00e1n, consejero del Instituto Electoral de la Ciudad de M\u00e9xico, por haber trabajado -a\u00fan sin poder de decisi\u00f3n- en el Tribunal Electoral en 2012, en tiempos del esc\u00e1ndalo de irregularidades con tarjetas Monex.<\/p>\n\n\n\n<p><br>Pero tampoco aceptan, y est\u00e1 vetado, a Javier Aparicio, se\u00f1alado de &#8220;fraude&#8221; en el estado de M\u00e9xico, por haber sido del comit\u00e9 asesor de los conteos r\u00e1pidos. Ni es transitable Miriam Hinojosa Dieck, consejera electoral de Nuevo Le\u00f3n.<\/p>\n\n\n\n<p><br>De lado opositor, est\u00e1 vetada Norma Irene Cruz Maga\u00f1a, candidata que impulsa la 4T legislativa. Fue asesora de Rutilio Escand\u00f3n cuando fue senador y considerada con escasa experiencia electoral en el pa\u00eds, pues se ha dedicado a ser observadora en el exterior.<\/p>\n\n\n\n<p><br>Las pl\u00e1ticas est\u00e1n atoradas, a\u00fan se espera que reinicie la Jucopo a mediod\u00eda de este mi\u00e9rcoles para negociaciones y la cita a sesi\u00f3n del pleno, programada para las 12:00 horas, ya se alarg\u00f3 sin hora de inicio de la sesi\u00f3n del segundo periodo extraordinario de sesiones, que deber\u00e1 votar hoy las 4 designaciones.<\/p>\n\n\n\n<p><br>El art\u00edculo 41 de la Constituci\u00f3n y la Convocatoria al proceso de designaci\u00f3n de los consejeros del INE establecen que si se vence el plazo para los acuerdos de la Jucopo (el 21 de julio y ahora, el plazo que el reloj legislativo &#8220;decida&#8221;, todo este mi\u00e9rcoles 22 ) y no hay votaci\u00f3n o no se alcanza mayor\u00eda calificada, la C\u00e1mara sesionar\u00e1 ma\u00f1ana 23 de julio.<\/p>\n\n\n\n<p><br>Ser\u00eda en sesi\u00f3n este jueves cuando el pleno de la C\u00e1mara elija a los nuevos integrantes del INE, &#8220;mediante insaculaci\u00f3n de la lista conformada por el Comit\u00e9 de Evaluaci\u00f3n&#8221;, es decir las quintetas de 20 nombres que est\u00e1n sujetos a evaluaci\u00f3n.<\/p>\n\n\n\n<p><br>Al vencimiento del plazo fijado sin que se hubiere concretado la elecci\u00f3n &#8220;el Pleno de la Suprema Corte de Justicia de la Naci\u00f3n realizar\u00e1, en sesi\u00f3n p\u00fablica, la designaci\u00f3n mediante insaculaci\u00f3n de la lista conformada por el comit\u00e9 de evaluaci\u00f3n&#8221; es decir, de entre los 20 semifinalistas.<\/p>\n","protected":false},"excerpt":{"rendered":"<p>La hora de la cita a periodo extraordinario de sesiones de la C\u00e1mara de Diputados para votar a los 4 nuevos consejeros del Instituto Nacional Electoral (INE) se cumpli\u00f3 este mediod\u00eda sin que los coordinadores que integran la Junta de Coordinaci\u00f3n Pol\u00edtica (Jucopo) hayan llegado a un acuerdo. Anoche, la Jucopo se instal\u00f3 para aplicar [&hellip;]<\/p>\n","protected":false},"author":81,"featured_media":0,"comment_status":"closed","ping_status":"open","sticky":false,"template":"","format":"standard","meta":{"footnotes":""},"categories":[15,63],"tags":[],"class_list":["post-125236","post","type-post","status-publish","format-standard","hentry","category-destacadas","category-las-camaras"],"_links":{"self":[{"href":"https:\/\/plazajuarez.mx\/historico\/wp-json\/wp\/v2\/posts\/125236","targetHints":{"allow":["GET"]}}],"collection":[{"href":"https:\/\/plazajuarez.mx\/historico\/wp-json\/wp\/v2\/posts"}],"about":[{"href":"https:\/\/plazajuarez.mx\/historico\/wp-json\/wp\/v2\/types\/post"}],"author":[{"embeddable":true,"href":"https:\/\/plazajuarez.mx\/historico\/wp-json\/wp\/v2\/users\/81"}],"replies":[{"embeddable":true,"href":"https:\/\/plazajuarez.mx\/historico\/wp-json\/wp\/v2\/comments?post=125236"}],"version-history":[{"count":0,"href":"https:\/\/plazajuarez.mx\/historico\/wp-json\/wp\/v2\/posts\/125236\/revisions"}],"wp:attachment":[{"href":"https:\/\/plazajuarez.mx\/historico\/wp-json\/wp\/v2\/media?parent=125236"}],"wp:term":[{"taxonomy":"category","embeddable":true,"href":"https:\/\/plazajuarez.mx\/historico\/wp-json\/wp\/v2\/categories?post=125236"},{"taxonomy":"post_tag","embeddable":true,"href":"https:\/\/plazajuarez.mx\/historico\/wp-json\/wp\/v2\/tags?post=125236"}],"curies":[{"name":"wp","href":"https:\/\/api.w.org\/{rel}","templated":true}]}}