{"id":125227,"date":"2020-07-22T10:30:56","date_gmt":"2020-07-22T15:30:56","guid":{"rendered":"https:\/\/plazajuarez.mx\/?p=125227"},"modified":"2020-07-22T10:31:12","modified_gmt":"2020-07-22T15:31:12","slug":"avion-presidencial-llegara-este-miercoles-a-mexico","status":"publish","type":"post","link":"https:\/\/plazajuarez.mx\/historico\/avion-presidencial-llegara-este-miercoles-a-mexico\/","title":{"rendered":"Avi\u00f3n presidencial llegar\u00e1 este mi\u00e9rcoles a M\u00e9xico"},"content":{"rendered":"\n<ul class=\"wp-block-list\"><li><strong>El Ejecutivo federal adelant\u00f3 que el pr\u00f3ximo lunes, la reuni\u00f3n del gabinete de seguridad y la conferencia de prensa se realizar\u00e1 en el hangar presidencial, y, como se hab\u00eda comprometido, garantiz\u00f3 que reporteros de la fuente presidencial podr\u00e1n subir al aeronave para conocerla<\/strong><\/li><\/ul>\n\n\n\n<!--more-->\n\n\n\n<p>Procedente de California, Estados Unidos, el presidente Andr\u00e9s Manuel L\u00f3pez Obrador inform\u00f3 esta ma\u00f1ana de mi\u00e9rcoles que el avi\u00f3n presidencial TP-01 llegar\u00e1 este mi\u00e9rcoles al Aeropuerto Internacional de la Ciudad de M\u00e9xico (AICM) y revel\u00f3 que ya se entreg\u00f3 un anticipo por la aeronave, por lo que &#8220;no se ha ca\u00eddo&#8221; el proceso de compra.<\/p>\n\n\n\n<p><br>En conferencia de prensa, el Ejecutivo federal adelant\u00f3 que el pr\u00f3ximo lunes, la reuni\u00f3n del gabinete de seguridad y la conferencia de prensa se realizar\u00e1 en el hangar presidencial, y, como se hab\u00eda comprometido, garantiz\u00f3 que reporteros de la fuente presidencial podr\u00e1n subir al aeronave para conocerla.<\/p>\n\n\n\n<p><br>&#8220;Est\u00e1 por llegar (el avi\u00f3n presidencial). Va a llegar hoy, creo que sale a mediod\u00eda, a las 10:00-12:00, va a llegar al hangar presidencial, el avi\u00f3n ya viene de regreso. Les adelanto que vamos a tener una ma\u00f1anera en al hangar presidencial, tenemos el compromiso de que\u2026 hab\u00edamos quedado de que lo iban a conocer. Los compromisos se cumplen.<\/p>\n\n\n\n<p><br>&#8220;Sigue el compromiso de compra, no se ha ca\u00eddo, ya incluso ya hubo una aportaci\u00f3n de un anticipo, sin embargo no hay ning\u00fan problema de entregarlo aqu\u00ed o en Estados Unidos y tambi\u00e9n se ten\u00eda all\u00e1 por mantenimiento, ya se termin\u00f3 completamente el proceso de mantenimiento&#8221;.<\/p>\n\n\n\n<p><br>El mandatario detall\u00f3 que elementos de la Fuerza A\u00e9rea Mexicana (FAM) traer\u00e1n de regreso el avi\u00f3n al hangar presidencial &#8220;y ah\u00ed mismo va a ser la reuni\u00f3n de seguridad el lunes y la conferencia, y con sana distancia, pues ustedes van a conocerlo&#8221;.<\/p>\n\n\n\n<p><br>-&#8220;\u00bfUsted va a subirse?&#8221;, se le pregunt\u00f3.<br>-&#8220;A lo mejor, para ver c\u00f3mo era la vida antes del cambio&#8221;, coment\u00f3.<\/p>\n","protected":false},"excerpt":{"rendered":"<p>El Ejecutivo federal adelant\u00f3 que el pr\u00f3ximo lunes, la reuni\u00f3n del gabinete de seguridad y la conferencia de prensa se realizar\u00e1 en el hangar presidencial, y, como se hab\u00eda comprometido, garantiz\u00f3 que reporteros de la fuente presidencial podr\u00e1n subir al aeronave para conocerla<\/p>\n","protected":false},"author":81,"featured_media":0,"comment_status":"closed","ping_status":"open","sticky":false,"template":"","format":"standard","meta":{"footnotes":""},"categories":[15,36],"tags":[],"class_list":["post-125227","post","type-post","status-publish","format-standard","hentry","category-destacadas","category-nacion"],"_links":{"self":[{"href":"https:\/\/plazajuarez.mx\/historico\/wp-json\/wp\/v2\/posts\/125227","targetHints":{"allow":["GET"]}}],"collection":[{"href":"https:\/\/plazajuarez.mx\/historico\/wp-json\/wp\/v2\/posts"}],"about":[{"href":"https:\/\/plazajuarez.mx\/historico\/wp-json\/wp\/v2\/types\/post"}],"author":[{"embeddable":true,"href":"https:\/\/plazajuarez.mx\/historico\/wp-json\/wp\/v2\/users\/81"}],"replies":[{"embeddable":true,"href":"https:\/\/plazajuarez.mx\/historico\/wp-json\/wp\/v2\/comments?post=125227"}],"version-history":[{"count":0,"href":"https:\/\/plazajuarez.mx\/historico\/wp-json\/wp\/v2\/posts\/125227\/revisions"}],"wp:attachment":[{"href":"https:\/\/plazajuarez.mx\/historico\/wp-json\/wp\/v2\/media?parent=125227"}],"wp:term":[{"taxonomy":"category","embeddable":true,"href":"https:\/\/plazajuarez.mx\/historico\/wp-json\/wp\/v2\/categories?post=125227"},{"taxonomy":"post_tag","embeddable":true,"href":"https:\/\/plazajuarez.mx\/historico\/wp-json\/wp\/v2\/tags?post=125227"}],"curies":[{"name":"wp","href":"https:\/\/api.w.org\/{rel}","templated":true}]}}