{"id":125149,"date":"2020-07-22T07:36:26","date_gmt":"2020-07-22T12:36:26","guid":{"rendered":"https:\/\/plazajuarez.mx\/?p=125149"},"modified":"2020-07-22T07:36:45","modified_gmt":"2020-07-22T12:36:45","slug":"familiares-de-enfermos-de-covid-rinden-homenaje","status":"publish","type":"post","link":"https:\/\/plazajuarez.mx\/historico\/familiares-de-enfermos-de-covid-rinden-homenaje\/","title":{"rendered":"Familiares de enfermos de Covid rinden homenaje"},"content":{"rendered":"\n<ul class=\"wp-block-list\"><li><strong>Modesto pero aut\u00e9ntico agradecimiento al&nbsp; personal del \u00e1rea de Covid en el HGT<\/strong><\/li><\/ul>\n\n\n\n<!--more-->\n\n\n\n<p><strong>Tulancingo<\/strong>.- \u201cBuena tarde doctor. Hoy familiares del \u00e1rea Covid hicieron este peque\u00f1o homenaje a ustedes, ojal\u00e1 pueda replicar estas im\u00e1genes a los doctores que luchan d\u00eda a d\u00eda, al igual que todo el personal de auxilio como equipo de enfermer\u00eda, administraci\u00f3n, trabajo social y limpieza\u201d.<\/p>\n\n\n\n<p>Se trataba de un grupo de unas diez personas a quienes los doctores del Hospital General de Tulancingo, salvaron la vida de sus familiares. Por lo que coincidieron que lo menos que pod\u00edan hacer era llevar a cabo un peque\u00f1o homenaje, nacido desde el fondo de su coraz\u00f3n. &nbsp;<\/p>\n","protected":false},"excerpt":{"rendered":"<p>Modesto pero aut\u00e9ntico agradecimiento al&nbsp; personal del \u00e1rea de Covid en el HGT<\/p>\n","protected":false},"author":70,"featured_media":0,"comment_status":"closed","ping_status":"open","sticky":false,"template":"","format":"standard","meta":{"footnotes":""},"categories":[40],"tags":[],"class_list":["post-125149","post","type-post","status-publish","format-standard","hentry","category-region"],"_links":{"self":[{"href":"https:\/\/plazajuarez.mx\/historico\/wp-json\/wp\/v2\/posts\/125149","targetHints":{"allow":["GET"]}}],"collection":[{"href":"https:\/\/plazajuarez.mx\/historico\/wp-json\/wp\/v2\/posts"}],"about":[{"href":"https:\/\/plazajuarez.mx\/historico\/wp-json\/wp\/v2\/types\/post"}],"author":[{"embeddable":true,"href":"https:\/\/plazajuarez.mx\/historico\/wp-json\/wp\/v2\/users\/70"}],"replies":[{"embeddable":true,"href":"https:\/\/plazajuarez.mx\/historico\/wp-json\/wp\/v2\/comments?post=125149"}],"version-history":[{"count":0,"href":"https:\/\/plazajuarez.mx\/historico\/wp-json\/wp\/v2\/posts\/125149\/revisions"}],"wp:attachment":[{"href":"https:\/\/plazajuarez.mx\/historico\/wp-json\/wp\/v2\/media?parent=125149"}],"wp:term":[{"taxonomy":"category","embeddable":true,"href":"https:\/\/plazajuarez.mx\/historico\/wp-json\/wp\/v2\/categories?post=125149"},{"taxonomy":"post_tag","embeddable":true,"href":"https:\/\/plazajuarez.mx\/historico\/wp-json\/wp\/v2\/tags?post=125149"}],"curies":[{"name":"wp","href":"https:\/\/api.w.org\/{rel}","templated":true}]}}