{"id":125148,"date":"2020-07-22T07:37:11","date_gmt":"2020-07-22T12:37:11","guid":{"rendered":"https:\/\/plazajuarez.mx\/?p=125148"},"modified":"2020-07-22T07:37:29","modified_gmt":"2020-07-22T12:37:29","slug":"proteccion-civil-y-bomberos-obsequian-cubrebocas","status":"publish","type":"post","link":"https:\/\/plazajuarez.mx\/historico\/proteccion-civil-y-bomberos-obsequian-cubrebocas\/","title":{"rendered":"Protecci\u00f3n Civil y Bomberos obsequian cubrebocas"},"content":{"rendered":"\n<ul class=\"wp-block-list\"><li><strong>Es una manera de exhortar a la gente a usar cubrebocas cuando salga de su casa&nbsp;<\/strong><\/li><\/ul>\n\n\n\n<ul class=\"wp-block-list\"><li><strong>Lamentablemente, en la \u00faltima semana los casos de contagios y defunciones Covid se han incrementado de manera exponencial\u00a0<\/strong><\/li><\/ul>\n\n\n\n<!--more-->\n\n\n\n<p><strong>Tepeji del R\u00edo<\/strong>.- Con el objetivo de exhortar a la poblaci\u00f3n a utilizar el cubrebocas como medida de prevenci\u00f3n de contagios del nuevo coronavirus,\u00a0 COVID-19, causante de la pandemia, ayer, elementos de Protecci\u00f3n Civil y Bomberos, as\u00ed como del \u00e1rea de Prevenci\u00f3n del Delito y Participaci\u00f3n Ciudadana de Seguridad P\u00fablica Municipal, entregaron mil cubrebocas en la cabecera municipal.<\/p>\n\n\n\n<p>Joaqu\u00edn G\u00f3mez Mora, titular de Protecci\u00f3n Civil, se\u00f1al\u00f3 que en la \u00faltima semana los casos de contagios y defunciones han incrementado de manera exponencial, no s\u00f3lo en el municipio tepejano, sino en toda la entidad. Ese fue el motivo por el que Hidalgo regres\u00f3 a sem\u00e1foro rojo.<\/p>\n\n\n\n<p>Esto fue consecuencia de que la poblaci\u00f3n relaj\u00f3 las medidas de prevenci\u00f3n e higiene, saliendo a las calles a realizar compras en familia y, lamentablemente, se efectuaron reuniones sociales y fiestas en los hogares.<\/p>\n\n\n\n<p>\u201cTepeji es uno de los municipios con mayores cifras de contagios y defunciones en esta jurisdicci\u00f3n sanitaria, esto debe de hacernos reflexionar, entrar en conciencia como ciudadanos. El cubrebocas es una herramienta de protecci\u00f3n que ayuda de gran manera a reducir los contagios, evitando la propagaci\u00f3n de part\u00edculas de saliva\u201d.<\/p>\n\n\n\n<p>El funcionario municipal hizo hincapi\u00e9 en que una persona asintom\u00e1tica podr\u00eda contagiar a m\u00e1s personas con el denominado \u201cflush\u201d, que son peque\u00f1as part\u00edculas que expulsamos al hablar, es por ello que su uso debe verse como una forma de protecci\u00f3n y respeto hacia los dem\u00e1s.<\/p>\n\n\n\n<p>Fue por ello que la administraci\u00f3n municipal que encabeza el alcalde Mois\u00e9s Ram\u00edrez Tapia, ha implementado diversas acciones desde el inicio de la pandemia, como la sanitizaci\u00f3n de lugares p\u00fablicos, calles de colonias y comunidades, con el apoyo del organismo operador del agua, as\u00ed como di\u00e1logo constante con integrantes del comercio y otros sectores.<\/p>\n\n\n\n<p>Igualmente, se acord\u00f3 la restricci\u00f3n de horarios para evitar la congregaci\u00f3n de personas, destacando la estrecha coordinaci\u00f3n y trabajo de la Direcci\u00f3n de Reglamentos, Sanidad Municipal, Seguridad P\u00fablica y la Secretar\u00eda General municipal, y ahora con la entrega masiva de cubrebocas.<\/p>\n\n\n\n<p>La distribuci\u00f3n de estos elementos de protecci\u00f3n sanitaria se logr\u00f3 gracias a la gesti\u00f3n del alcalde Mois\u00e9s Ram\u00edrez Tapia ante la \u201cF\u00e1brica La Josefina\u201d.&nbsp;<\/p>\n\n\n\n<p>El funcionario municipal exhort\u00f3 a la poblaci\u00f3n a hacer conciencia, ya que la duraci\u00f3n de esta pandemia depende mucho de la participaci\u00f3n ciudadana.<\/p>\n\n\n\n<p>Asinti\u00f3 que no s\u00f3lo es cuesti\u00f3n de acciones de Gobierno, sino de la conciencia de cada ciudadano de protegerse, cuidarse y cuidar a su familia, dando cumplimiento a todas las medidas de prevenci\u00f3n y con ello, evitar que m\u00e1s gente muera y se propague la COVID-19.&nbsp;<\/p>\n\n\n\n<p>Por lo que urge que todos colaboremos para llegar a la nueva normalidad con el sem\u00e1foro en color verde.<\/p>\n","protected":false},"excerpt":{"rendered":"<p>Es una manera de exhortar a la gente a usar cubrebocas cuando salga de su casa&nbsp; Lamentablemente, en la \u00faltima semana los casos de contagios y defunciones Covid se han incrementado de manera exponencial\u00a0<\/p>\n","protected":false},"author":71,"featured_media":0,"comment_status":"closed","ping_status":"open","sticky":false,"template":"","format":"standard","meta":{"footnotes":""},"categories":[40],"tags":[],"class_list":["post-125148","post","type-post","status-publish","format-standard","hentry","category-region"],"_links":{"self":[{"href":"https:\/\/plazajuarez.mx\/historico\/wp-json\/wp\/v2\/posts\/125148","targetHints":{"allow":["GET"]}}],"collection":[{"href":"https:\/\/plazajuarez.mx\/historico\/wp-json\/wp\/v2\/posts"}],"about":[{"href":"https:\/\/plazajuarez.mx\/historico\/wp-json\/wp\/v2\/types\/post"}],"author":[{"embeddable":true,"href":"https:\/\/plazajuarez.mx\/historico\/wp-json\/wp\/v2\/users\/71"}],"replies":[{"embeddable":true,"href":"https:\/\/plazajuarez.mx\/historico\/wp-json\/wp\/v2\/comments?post=125148"}],"version-history":[{"count":0,"href":"https:\/\/plazajuarez.mx\/historico\/wp-json\/wp\/v2\/posts\/125148\/revisions"}],"wp:attachment":[{"href":"https:\/\/plazajuarez.mx\/historico\/wp-json\/wp\/v2\/media?parent=125148"}],"wp:term":[{"taxonomy":"category","embeddable":true,"href":"https:\/\/plazajuarez.mx\/historico\/wp-json\/wp\/v2\/categories?post=125148"},{"taxonomy":"post_tag","embeddable":true,"href":"https:\/\/plazajuarez.mx\/historico\/wp-json\/wp\/v2\/tags?post=125148"}],"curies":[{"name":"wp","href":"https:\/\/api.w.org\/{rel}","templated":true}]}}