{"id":125134,"date":"2020-07-22T07:14:20","date_gmt":"2020-07-22T12:14:20","guid":{"rendered":"https:\/\/plazajuarez.mx\/?p=125134"},"modified":"2020-07-22T07:14:34","modified_gmt":"2020-07-22T12:14:34","slug":"denuncian-negligencia-en-centro-de-trabajo","status":"publish","type":"post","link":"https:\/\/plazajuarez.mx\/historico\/denuncian-negligencia-en-centro-de-trabajo\/","title":{"rendered":"Denuncian negligencia en centro de trabajo"},"content":{"rendered":"\n<ul class=\"wp-block-list\"><li><strong>Refieren los afectados que una de las trabajadoras dio positivo al Covid-19, y sin embargo, fue obligada a asistir a laborar<\/strong><\/li><\/ul>\n\n\n\n<!--more-->\n\n\n\n<p>Trabajadores de conocida empresa de medios de comunicaci\u00f3n denunciaron, a trav\u00e9s del <em>Diario Plaza Ju\u00e1rez<\/em>, una serie de negligencias por parte de los directivos, ya que refirieron que uno de ellos fue positivo en la prueba del Covid-19, y sin embargo fue obligada a laborar, a pesar de que se puso en riesgo la salud de la plantilla laboral.&nbsp;<\/p>\n\n\n\n<p>De acuerdo con los afectados, en conocida estaci\u00f3n de radio ubicada en la colonia Periodistas se comenzaron a efectuar las medidas de prevenci\u00f3n de contagios de esta enfermedad desde el inicio de la contingencia sanitaria; no obstante, declararon que estas medidas no fueron aplicadas para todos, sino que hubo trato preferencial a los directivos.&nbsp;<\/p>\n\n\n\n<p>Aseveran que, en ese caso, se hicieron recortes en los horarios para que no hubiera aglomeraciones dentro de este punto, pero fueron los directivos los que se aplicaron esta medida, mientras que el resto de los trabajadores fueron obligados a acudir diariamente a sus puestos de trabajo.&nbsp;<\/p>\n\n\n\n<p>Pero, seg\u00fan los quejosos, lo m\u00e1s grave ocurri\u00f3 el domingo pasado, cuando una trabajadora dio positivo a la prueba del Covid-19, y fue obligada a seguir trabajando, sin considerar los riesgos a la salud colectiva; para ocultar esto, la empresa ya est\u00e1 comenzando a tomar cartas en el asunto, desinfectando todo el centro de trabajo y aplicando pruebas a la plantilla laboral.&nbsp;<\/p>\n\n\n\n<p>Apuntaron que antes de esto no hab\u00eda un control de entrada y salida por parte de la empresa, ni alg\u00fan tipo de protocolo para evitar contagios de esta enfermedad, por lo que expresaron que existe preocupaci\u00f3n sobre m\u00e1s posibles casos.<\/p>\n","protected":false},"excerpt":{"rendered":"<p>Refieren los afectados que una de las trabajadoras dio positivo al Covid-19, y sin embargo, fue obligada a asistir a laborar<\/p>\n","protected":false},"author":93,"featured_media":0,"comment_status":"closed","ping_status":"open","sticky":false,"template":"","format":"standard","meta":{"footnotes":""},"categories":[59],"tags":[],"class_list":["post-125134","post","type-post","status-publish","format-standard","hentry","category-general"],"_links":{"self":[{"href":"https:\/\/plazajuarez.mx\/historico\/wp-json\/wp\/v2\/posts\/125134","targetHints":{"allow":["GET"]}}],"collection":[{"href":"https:\/\/plazajuarez.mx\/historico\/wp-json\/wp\/v2\/posts"}],"about":[{"href":"https:\/\/plazajuarez.mx\/historico\/wp-json\/wp\/v2\/types\/post"}],"author":[{"embeddable":true,"href":"https:\/\/plazajuarez.mx\/historico\/wp-json\/wp\/v2\/users\/93"}],"replies":[{"embeddable":true,"href":"https:\/\/plazajuarez.mx\/historico\/wp-json\/wp\/v2\/comments?post=125134"}],"version-history":[{"count":0,"href":"https:\/\/plazajuarez.mx\/historico\/wp-json\/wp\/v2\/posts\/125134\/revisions"}],"wp:attachment":[{"href":"https:\/\/plazajuarez.mx\/historico\/wp-json\/wp\/v2\/media?parent=125134"}],"wp:term":[{"taxonomy":"category","embeddable":true,"href":"https:\/\/plazajuarez.mx\/historico\/wp-json\/wp\/v2\/categories?post=125134"},{"taxonomy":"post_tag","embeddable":true,"href":"https:\/\/plazajuarez.mx\/historico\/wp-json\/wp\/v2\/tags?post=125134"}],"curies":[{"name":"wp","href":"https:\/\/api.w.org\/{rel}","templated":true}]}}