{"id":125126,"date":"2020-07-22T07:07:41","date_gmt":"2020-07-22T12:07:41","guid":{"rendered":"https:\/\/plazajuarez.mx\/?p=125126"},"modified":"2020-07-22T07:07:54","modified_gmt":"2020-07-22T12:07:54","slug":"diputados-de-morena-bajan-propuesta-en-contra-de-murillo","status":"publish","type":"post","link":"https:\/\/plazajuarez.mx\/historico\/diputados-de-morena-bajan-propuesta-en-contra-de-murillo\/","title":{"rendered":"Diputados de Morena bajan propuesta en contra de Murillo"},"content":{"rendered":"\n<ul class=\"wp-block-list\"><li><strong>Efect\u00faan sesi\u00f3n virtual<\/strong><\/li><\/ul>\n\n\n\n<!--more-->\n\n\n\n<p>Ayer se realiz\u00f3 una sesi\u00f3n m\u00e1s del Congreso local en la modalidad virtual, sin embargo, en esta ocasi\u00f3n, los \u201cproblemas t\u00e9cnicos\u201d provocaron una transmisi\u00f3n cortada, adem\u00e1s de que en los lapsos transmitidos no se entendieron las intervenciones de los diputados y diputadas, lo anterior, sumado a que en el registro preliminar se hab\u00eda contemplado un punto que hab\u00edan subido legisladores morenistas en contra del ex procurador general de justicia, Jes\u00fas Murillo Karam.<\/p>\n\n\n\n<p>En el preliminar se hac\u00eda menci\u00f3n de que las diputadas: Lisset Marcelino Tovar, Susana Araceli \u00c1ngeles Quezada y Jazm\u00edn Calva L\u00f3pez, por el partido del Movimiento de Regeneraci\u00f3n Nacional (Morena), ped\u00edan \u201cexhortar a la Fiscal\u00eda General de la Rep\u00fablica (FGR) para que iniciara carpeta de investigaci\u00f3n en contra de Jes\u00fas Murillo Karam\u201d.<\/p>\n\n\n\n<p>Lo anterior, \u201cpor delitos cometidos contra la administraci\u00f3n de justicia en el marco de las investigaciones a su cargo en el caso de la desaparici\u00f3n forzada de los 43 normalistas de la Escuela Normal Rural Ra\u00fal Isidro Burgos de Ayotzinapa\u201d; sin embargo, al momento de efectuarse la sesi\u00f3n, el tema fue bajado sin explicaci\u00f3n alguna.&nbsp;<\/p>\n\n\n\n<p>En la misma asamblea se inform\u00f3 la llegada de la iniciativa de decreto garante para afiliar al Instituto Mexicano del Seguro Social (IMSS) al personal que labora en diez instituciones de Educaci\u00f3n Superior, con funciones de docentes, administrativos y directivos, que desde hace 20 a\u00f1os carec\u00edan de dicha prestaci\u00f3n, misma que fue enviada por el gobernador del estado, Omar Fayad Meneses.&nbsp;<\/p>\n\n\n\n<p>En la junta virtual se presentaron diez proyectos para modificar el marco jur\u00eddico de la entidad, as\u00ed como siete propuestas de acuerdos econ\u00f3micos.<\/p>\n","protected":false},"excerpt":{"rendered":"<p>Efect\u00faan sesi\u00f3n virtual<\/p>\n","protected":false},"author":72,"featured_media":0,"comment_status":"closed","ping_status":"open","sticky":false,"template":"","format":"standard","meta":{"footnotes":""},"categories":[59],"tags":[],"class_list":["post-125126","post","type-post","status-publish","format-standard","hentry","category-general"],"_links":{"self":[{"href":"https:\/\/plazajuarez.mx\/historico\/wp-json\/wp\/v2\/posts\/125126","targetHints":{"allow":["GET"]}}],"collection":[{"href":"https:\/\/plazajuarez.mx\/historico\/wp-json\/wp\/v2\/posts"}],"about":[{"href":"https:\/\/plazajuarez.mx\/historico\/wp-json\/wp\/v2\/types\/post"}],"author":[{"embeddable":true,"href":"https:\/\/plazajuarez.mx\/historico\/wp-json\/wp\/v2\/users\/72"}],"replies":[{"embeddable":true,"href":"https:\/\/plazajuarez.mx\/historico\/wp-json\/wp\/v2\/comments?post=125126"}],"version-history":[{"count":0,"href":"https:\/\/plazajuarez.mx\/historico\/wp-json\/wp\/v2\/posts\/125126\/revisions"}],"wp:attachment":[{"href":"https:\/\/plazajuarez.mx\/historico\/wp-json\/wp\/v2\/media?parent=125126"}],"wp:term":[{"taxonomy":"category","embeddable":true,"href":"https:\/\/plazajuarez.mx\/historico\/wp-json\/wp\/v2\/categories?post=125126"},{"taxonomy":"post_tag","embeddable":true,"href":"https:\/\/plazajuarez.mx\/historico\/wp-json\/wp\/v2\/tags?post=125126"}],"curies":[{"name":"wp","href":"https:\/\/api.w.org\/{rel}","templated":true}]}}