{"id":125125,"date":"2020-07-22T07:30:03","date_gmt":"2020-07-22T12:30:03","guid":{"rendered":"https:\/\/plazajuarez.mx\/?p=125125"},"modified":"2020-07-22T07:30:19","modified_gmt":"2020-07-22T12:30:19","slug":"preocupa-fuerte-olor-a-gas-en-centro-de-tula","status":"publish","type":"post","link":"https:\/\/plazajuarez.mx\/historico\/preocupa-fuerte-olor-a-gas-en-centro-de-tula\/","title":{"rendered":"Preocupa fuerte olor a gas en centro de Tula"},"content":{"rendered":"\n<ul class=\"wp-block-list\"><li><strong>Protecci\u00f3n Civil constat\u00f3 que el olor a gas emana del Emisor Central de Pemex y que en cada temporada de lluvias sucede lo mismo<\/strong><\/li><\/ul>\n\n\n\n<!--more-->\n\n\n\n<p><strong>Tula de Allende<\/strong>.- Vecinos de las colonias aleda\u00f1as al centro de la ciudad de Tula de Allende, de manera reiterada, en los \u00faltimos d\u00edas, han reportado el intenso olor a gas, por lo que elementos de Protecci\u00f3n Civil y Bomberos recorrieron el r\u00edo Tula para verificar si las emanaciones preven\u00edan del Emisor Central de Petr\u00f3leos Mexicanos.<\/p>\n\n\n\n<p>Se inform\u00f3 que los socorristas constataron que el olor a gas proviene del Emisor Central y que en cada temporada de lluvias sucede lo mismo, pero que pese a ello, a que los olores se intensifican en esa \u00e1rea, no representa riesgo para la poblaci\u00f3n.<\/p>\n\n\n\n<p>Para que verifique Pemex, Protecci\u00f3n Civil dio aviso a la empresa del estado, se\u00f1alando que se estar\u00e1 al pendiente de que los residuos que son arrojados al r\u00edo Tula no violen la normativa ambiental.<\/p>\n\n\n\n<p>Sin embargo, los vecinos de las calles aleda\u00f1as al r\u00edo Tula y colonias circunvecinas no quedaron del todo conformes con la explicaci\u00f3n, y pidieron que se realicen operativos constantes para prevenir alguna explosi\u00f3n.<\/p>\n","protected":false},"excerpt":{"rendered":"<p>Protecci\u00f3n Civil constat\u00f3 que el olor a gas emana del Emisor Central de Pemex y que en cada temporada de lluvias sucede lo mismo<\/p>\n","protected":false},"author":71,"featured_media":0,"comment_status":"closed","ping_status":"open","sticky":false,"template":"","format":"standard","meta":{"footnotes":""},"categories":[40],"tags":[],"class_list":["post-125125","post","type-post","status-publish","format-standard","hentry","category-region"],"_links":{"self":[{"href":"https:\/\/plazajuarez.mx\/historico\/wp-json\/wp\/v2\/posts\/125125","targetHints":{"allow":["GET"]}}],"collection":[{"href":"https:\/\/plazajuarez.mx\/historico\/wp-json\/wp\/v2\/posts"}],"about":[{"href":"https:\/\/plazajuarez.mx\/historico\/wp-json\/wp\/v2\/types\/post"}],"author":[{"embeddable":true,"href":"https:\/\/plazajuarez.mx\/historico\/wp-json\/wp\/v2\/users\/71"}],"replies":[{"embeddable":true,"href":"https:\/\/plazajuarez.mx\/historico\/wp-json\/wp\/v2\/comments?post=125125"}],"version-history":[{"count":0,"href":"https:\/\/plazajuarez.mx\/historico\/wp-json\/wp\/v2\/posts\/125125\/revisions"}],"wp:attachment":[{"href":"https:\/\/plazajuarez.mx\/historico\/wp-json\/wp\/v2\/media?parent=125125"}],"wp:term":[{"taxonomy":"category","embeddable":true,"href":"https:\/\/plazajuarez.mx\/historico\/wp-json\/wp\/v2\/categories?post=125125"},{"taxonomy":"post_tag","embeddable":true,"href":"https:\/\/plazajuarez.mx\/historico\/wp-json\/wp\/v2\/tags?post=125125"}],"curies":[{"name":"wp","href":"https:\/\/api.w.org\/{rel}","templated":true}]}}