{"id":125115,"date":"2020-07-22T07:07:59","date_gmt":"2020-07-22T12:07:59","guid":{"rendered":"https:\/\/plazajuarez.mx\/?p=125115"},"modified":"2020-07-22T07:08:15","modified_gmt":"2020-07-22T12:08:15","slug":"comercios-del-centro-historico-operan-con-las-medidas-de-seguridad","status":"publish","type":"post","link":"https:\/\/plazajuarez.mx\/historico\/comercios-del-centro-historico-operan-con-las-medidas-de-seguridad\/","title":{"rendered":"Comercios del Centro Hist\u00f3rico operan con las medidas de seguridad"},"content":{"rendered":"\n<ul class=\"wp-block-list\"><li><strong>Refiere Eduardo Quiroz, de ProCentro, que est\u00e1n siendo monitoreados constantemente por las autoridades sanitarias estatales<\/strong><\/li><\/ul>\n\n\n\n<!--more-->\n\n\n\n<p>En entrevista para Diario Plaza Ju\u00e1rez, el l\u00edder de ProCentro, Eduardo Quiroz Zumano, declar\u00f3 que, a pesar de que actualmente el sem\u00e1foro epidemiol\u00f3gico es rojo para Hidalgo, los comercios del Centro Hist\u00f3rico de Pachuca est\u00e1n operando, y en donde explic\u00f3 que estos establecimientos est\u00e1n acatando cada una de las recomendaciones de las autoridades sanitarias.&nbsp;<\/p>\n\n\n\n<p>Derivado de la nueva declaratoria por parte del Gobierno Federal, declar\u00f3 que se tuvo el acompa\u00f1amiento por parte de la administraci\u00f3n estatal durante los d\u00edas en que Hidalgo se encontraba en el sem\u00e1foro anaranjado, en un periodo denominado <em>semana de transici\u00f3n<\/em>, y en el que asegur\u00f3 que se fortalecieron las medidas sanitarias en los comercios.&nbsp; Coment\u00f3 que, ahora que se regres\u00f3 al color rojo, tambi\u00e9n se reforzar\u00e1 lo que en la <em>semana de transici\u00f3n <\/em>se aplic\u00f3, y en donde se trabajar\u00e1 con cuidado, y en donde se exigir\u00e1 el uso de cubrebocas en todos los establecimientos, tanto para trabajadores como para los visitantes, ya que apunt\u00f3 que buena parte de la poblaci\u00f3n es la que no hace caso de estos ordenamientos.<\/p>\n","protected":false},"excerpt":{"rendered":"<p>Refiere Eduardo Quiroz, de ProCentro, que est\u00e1n siendo monitoreados constantemente por las autoridades sanitarias estatales<\/p>\n","protected":false},"author":93,"featured_media":0,"comment_status":"closed","ping_status":"open","sticky":false,"template":"","format":"standard","meta":{"footnotes":""},"categories":[59],"tags":[],"class_list":["post-125115","post","type-post","status-publish","format-standard","hentry","category-general"],"_links":{"self":[{"href":"https:\/\/plazajuarez.mx\/historico\/wp-json\/wp\/v2\/posts\/125115","targetHints":{"allow":["GET"]}}],"collection":[{"href":"https:\/\/plazajuarez.mx\/historico\/wp-json\/wp\/v2\/posts"}],"about":[{"href":"https:\/\/plazajuarez.mx\/historico\/wp-json\/wp\/v2\/types\/post"}],"author":[{"embeddable":true,"href":"https:\/\/plazajuarez.mx\/historico\/wp-json\/wp\/v2\/users\/93"}],"replies":[{"embeddable":true,"href":"https:\/\/plazajuarez.mx\/historico\/wp-json\/wp\/v2\/comments?post=125115"}],"version-history":[{"count":0,"href":"https:\/\/plazajuarez.mx\/historico\/wp-json\/wp\/v2\/posts\/125115\/revisions"}],"wp:attachment":[{"href":"https:\/\/plazajuarez.mx\/historico\/wp-json\/wp\/v2\/media?parent=125115"}],"wp:term":[{"taxonomy":"category","embeddable":true,"href":"https:\/\/plazajuarez.mx\/historico\/wp-json\/wp\/v2\/categories?post=125115"},{"taxonomy":"post_tag","embeddable":true,"href":"https:\/\/plazajuarez.mx\/historico\/wp-json\/wp\/v2\/tags?post=125115"}],"curies":[{"name":"wp","href":"https:\/\/api.w.org\/{rel}","templated":true}]}}