{"id":125103,"date":"2020-07-22T06:56:06","date_gmt":"2020-07-22T11:56:06","guid":{"rendered":"https:\/\/plazajuarez.mx\/?p=125103"},"modified":"2020-07-22T06:56:24","modified_gmt":"2020-07-22T11:56:24","slug":"retratos-hablados-976","status":"publish","type":"post","link":"https:\/\/plazajuarez.mx\/historico\/retratos-hablados-976\/","title":{"rendered":"RETRATOS HABLADOS"},"content":{"rendered":"\n<h2 class=\"wp-block-heading\"><strong>Prepararse para hacer pol\u00edtica<\/strong><\/h2>\n\n\n\n<!--more-->\n\n\n\n<p>Los tiempos que vivimos en asuntos de pol\u00edtica nos ofrecen una realidad que por necedad hab\u00edamos negado sistem\u00e1ticamente: hemos dejado esa actividad en manos regularmente ineptas, carentes de preparaci\u00f3n acad\u00e9mica, de un inter\u00e9s real por prepararse y proclives a la actitud del envidioso que califica al que con esfuerzo y becas de por medio curso maestr\u00edas y doctorados en el extranjero, que condena con actitud de perdonavidas al que \u201cnadamas se fue a pasear y agarrar malas ma\u00f1as\u201d.<\/p>\n\n\n\n<p>Tener t\u00edtulos y certificados no es garant\u00eda de un buen trabajo en el poder, pero lo contrario s\u00ed lo es de un actuar que parte de resentimientos y complejos para cobrarse lo que considera afrenta por no tener otra visi\u00f3n del mundo que no sea la que no rebasa su min\u00fasculo campo de acci\u00f3n.<\/p>\n\n\n\n<p>Estoy cierto que los que apostaron todo para prepararse mejor con recursos obtenidos de becas, no son de ning\u00fan modo los que regresan para menospreciar a los que esperan que sus estudios les hayan otorgado una mejor visi\u00f3n de los problemas econ\u00f3micos y sociales, y por lo tanto una disposici\u00f3n para buscar mejores condiciones para los m\u00e1s del pa\u00eds.<\/p>\n\n\n\n<p>Es evidente que esas personas, hombres y mujeres, son inteligentes y no emprenden el viaje de regreso a su pa\u00eds natal para fastidiar a sus paisanos o aplicar las malas ma\u00f1as aprendidas para robarse lo que se pueda. La honestidad se aplica con mayor exactitud cuando el que la maneja lo hace con inteligencia, con raz\u00f3n de ser.<\/p>\n\n\n\n<p>En pol\u00edtica ha habido de todo: ignorantes y para acabarla de amolar ladronzuelos, pero tambi\u00e9n inteligentes e \u00edntegros. La ideolog\u00eda por supuesto existe, pero ser de izquierda o revolucionario, la historia lo confirma, no dio como resultado personajes en el poder llenos de honestidad y tranquilidad mental. Tampoco los de derecha y contrarios a los cambios.<\/p>\n\n\n\n<p>Lo que s\u00ed es cierto es que un pol\u00edtico inteligente sabe, entiende que polarizar a un pa\u00eds, a un Estado, dividirlo entre buenos y malos, solo trae como consecuencia el desastre absoluto, el absurdo como gu\u00eda.<\/p>\n\n\n\n<p>Ejercer la pol\u00edtica s\u00f3lo puede ser productiva cuando hay preparaci\u00f3n del que la representa.&nbsp;<\/p>\n\n\n\n<p>Sin embargo, cada vez es m\u00e1s constante que seamos testigos que verdaderos analfabetas funcionales ocupen una curul, la representaci\u00f3n de mucha gente que a ciencia cierta no saben ni lo que hicieron al llevarlos a ese cargo.<\/p>\n\n\n\n<p>Es tiempo que la pol\u00edtica recupere su dignidad, que sea para los que se han esforzado toda una vida para prepararse, tener una visi\u00f3n m\u00e1s amplia del mundo, y por lo tanto ofrecer mejores soluciones.<\/p>\n\n\n\n<p>Es tiempo.<\/p>\n\n\n\n<p><strong>Mil gracias, hasta ma\u00f1ana.<\/strong><\/p>\n\n\n\n<p><a href=\"mailto:jeperalta@plazajuarez.mx\/historico\/historico\">jeperalta@plazajuarez.mx\/historico\/historico<\/a><\/p>\n\n\n\n<p>@JavierEPeralta<\/p>\n","protected":false},"excerpt":{"rendered":"<p>Prepararse para hacer pol\u00edtica<\/p>\n","protected":false},"author":10,"featured_media":0,"comment_status":"closed","ping_status":"open","sticky":false,"template":"","format":"standard","meta":{"footnotes":""},"categories":[49,42],"tags":[],"class_list":["post-125103","post","type-post","status-publish","format-standard","hentry","category-javier-peralta","category-nuestrapalabra"],"_links":{"self":[{"href":"https:\/\/plazajuarez.mx\/historico\/wp-json\/wp\/v2\/posts\/125103","targetHints":{"allow":["GET"]}}],"collection":[{"href":"https:\/\/plazajuarez.mx\/historico\/wp-json\/wp\/v2\/posts"}],"about":[{"href":"https:\/\/plazajuarez.mx\/historico\/wp-json\/wp\/v2\/types\/post"}],"author":[{"embeddable":true,"href":"https:\/\/plazajuarez.mx\/historico\/wp-json\/wp\/v2\/users\/10"}],"replies":[{"embeddable":true,"href":"https:\/\/plazajuarez.mx\/historico\/wp-json\/wp\/v2\/comments?post=125103"}],"version-history":[{"count":0,"href":"https:\/\/plazajuarez.mx\/historico\/wp-json\/wp\/v2\/posts\/125103\/revisions"}],"wp:attachment":[{"href":"https:\/\/plazajuarez.mx\/historico\/wp-json\/wp\/v2\/media?parent=125103"}],"wp:term":[{"taxonomy":"category","embeddable":true,"href":"https:\/\/plazajuarez.mx\/historico\/wp-json\/wp\/v2\/categories?post=125103"},{"taxonomy":"post_tag","embeddable":true,"href":"https:\/\/plazajuarez.mx\/historico\/wp-json\/wp\/v2\/tags?post=125103"}],"curies":[{"name":"wp","href":"https:\/\/api.w.org\/{rel}","templated":true}]}}