{"id":125071,"date":"2020-07-21T12:28:27","date_gmt":"2020-07-21T17:28:27","guid":{"rendered":"https:\/\/plazajuarez.mx\/?p=125071"},"modified":"2020-07-21T12:28:44","modified_gmt":"2020-07-21T17:28:44","slug":"brasil-comienza-los-tests-de-la-vacuna-china-contra-covid-19","status":"publish","type":"post","link":"https:\/\/plazajuarez.mx\/historico\/brasil-comienza-los-tests-de-la-vacuna-china-contra-covid-19\/","title":{"rendered":"Brasil comienza los tests de la vacuna china contra COVID-19"},"content":{"rendered":"\n<ul class=\"wp-block-list\"><li><strong>&#8220;Hoy es un d\u00eda hist\u00f3rico&#8221; porque &#8220;acabamos de asistir a la aplicaci\u00f3n de la vacuna CoronaVac en el primer voluntario, una m\u00e9dica del Hospital de las Cl\u00ednicas&#8221;, se\u00f1al\u00f3 Joao Doria.<\/strong><\/li><\/ul>\n\n\n\n<!--more-->\n\n\n\n<p>Las primeras dosis de la vacuna contra el nuevo coronavirus desarrollada por el laboratorio chino Sinovac empezaron a ser aplicadas este lunes a un grupo de voluntarios, todos ellos profesionales de la salud del Hospital de las Cl\u00ednicas de Sao Paulo.<\/p>\n\n\n\n<p>&#8220;Hoy es un d\u00eda hist\u00f3rico&#8221; porque &#8220;acabamos de asistir a la aplicaci\u00f3n de la vacuna CoronaVac en el primer voluntario, una m\u00e9dica del Hospital de las Cl\u00ednicas&#8221;, el mayor complejo hospitalario p\u00fablico de Am\u00e9rica Latina, asever\u00f3 en una rueda de prensa el gobernador del estado de Sao Paulo, Joao Doria.<\/p>\n\n\n\n<p>En una acci\u00f3n coordinada por el Instituto Butantan, el principal centro de referencia inmunol\u00f3gico de Brasil, y la farmac\u00e9utica china Sinovac, responsable por la producci\u00f3n, la vacuna comenz\u00f3 a ser testada hoy en 890 funcionarios del Hospital de las Cl\u00ednicas, aunque la previsi\u00f3n es probarla en cerca de 9.000 profesionales de la salud de todo el pa\u00eds.<\/p>\n\n\n\n<p>El procedimiento incluye la aplicaci\u00f3n de placebo a la mitad de los voluntarios, aunque los mismos no ser\u00e1n notificados sobre el componente que les ha sido suministrado.<\/p>\n\n\n\n<p>Con todo, el Gobierno paulista estima que la tercera fase del estudio, que es la \u00faltima antes de su homologaci\u00f3n, podr\u00e1 concluirse en un per\u00edodo de 90 d\u00edas y, en caso de resultar efectiva, la fabricaci\u00f3n de la vacuna en Brasil podr\u00eda iniciarse a principios de 2021.<\/p>\n\n\n\n<p>&#8220;Durante los pr\u00f3ximos tres meses los voluntarios ser\u00e1n acompa\u00f1ados por un equipo cient\u00edfico, con acompa\u00f1amiento incluso de supervisores internacionales debido al hecho de que esta es una de las m\u00e1s avanzadas vacunas del mundo que entra en la tercera fase, ya habiendo superado las fases 1 y 2 con gran \u00e9xito&#8221;, dijo Doria.<\/p>\n\n\n\n<p>Para el presidente del Instituto Butantan, Dimas Covas, este martes tambi\u00e9n es un &#8220;d\u00eda hist\u00f3rico y de alegr\u00eda&#8221; porque el estado de Sao Paulo &#8220;est\u00e1 mostrando a Brasil y al mundo como hay que proceder&#8221; en un pa\u00eds con duchas dimensiones y &#8220;heterogeneidad&#8221; como este.<\/p>\n\n\n\n<p>&#8220;La vacuna nos coloca en una posici\u00f3n muy propicia para hacer que Brasil sea uno de los primeros pa\u00edses en usar esta vacuna en masa&#8221;, complet\u00f3 el doctor Covas.<\/p>\n\n\n\n<p>El Hospital de las Cl\u00ednicas de la facultad de Medicina de la Universidad de Sao Paulo (USP) es el centro coordinador del estudio cl\u00ednico, que ser\u00e1 realizado progresivamente en otros 11 centros de seis estados brasile\u00f1os.<\/p>\n\n\n\n<p>&#8220;Este es un paso fundamental en el enfrentamiento de la COVID-19. Adem\u00e1s de ser el principal centro de atenci\u00f3n a pacientes graves con la enfermedad del pa\u00eds y con diversos protocolos de investigaci\u00f3n, ahora nuestros profesionales tambi\u00e9n podr\u00e1n ayudar con los tests cl\u00ednicos sobre la vacuna&#8221;, explic\u00f3 Esper Kall\u00e1s, profesor titular de Molestias Infecciosas y Parasitarias de la USP.<\/p>\n\n\n\n<p>Inicialmente, el Gobierno paulista hab\u00eda anunciado que las pruebas de la vacuna china empezar\u00edan el lunes, pero debido al atraso en la liberaci\u00f3n de las dosis se posterg\u00f3 para este martes.<\/p>\n\n\n\n<p>Proveniente de un avi\u00f3n que despeg\u00f3 desde Frankfurt, Alemania, un total de 20.000 dosis de la CoronaVac aterrizaron la v\u00edspera en el Aeropuerto Internacional de Guarulhos, en Sao Paulo.<\/p>\n\n\n\n<p>Esta es la segunda vacuna que, estando en la tercera fase del estudio, est\u00e1 siendo testada en Brasil, donde la pandemia ya ha causado m\u00e1s de 80.000 decesos y 2,1 millones de contagios.<\/p>\n\n\n\n<p>A mediados de junio empezaron los ensayos cl\u00ednicos de la vacuna creada por la Universidad de Oxford, en el Reino Unido, que ser\u00e1 probada a un total de 5.000 brasile\u00f1os.<\/p>\n","protected":false},"excerpt":{"rendered":"<p>&#8220;Hoy es un d\u00eda hist\u00f3rico&#8221; porque &#8220;acabamos de asistir a la aplicaci\u00f3n de la vacuna CoronaVac en el primer voluntario, una m\u00e9dica del Hospital de las Cl\u00ednicas&#8221;, se\u00f1al\u00f3 Joao Doria.<\/p>\n","protected":false},"author":80,"featured_media":0,"comment_status":"closed","ping_status":"open","sticky":false,"template":"","format":"standard","meta":{"footnotes":""},"categories":[15,31],"tags":[],"class_list":["post-125071","post","type-post","status-publish","format-standard","hentry","category-destacadas","category-orbe"],"_links":{"self":[{"href":"https:\/\/plazajuarez.mx\/historico\/wp-json\/wp\/v2\/posts\/125071","targetHints":{"allow":["GET"]}}],"collection":[{"href":"https:\/\/plazajuarez.mx\/historico\/wp-json\/wp\/v2\/posts"}],"about":[{"href":"https:\/\/plazajuarez.mx\/historico\/wp-json\/wp\/v2\/types\/post"}],"author":[{"embeddable":true,"href":"https:\/\/plazajuarez.mx\/historico\/wp-json\/wp\/v2\/users\/80"}],"replies":[{"embeddable":true,"href":"https:\/\/plazajuarez.mx\/historico\/wp-json\/wp\/v2\/comments?post=125071"}],"version-history":[{"count":0,"href":"https:\/\/plazajuarez.mx\/historico\/wp-json\/wp\/v2\/posts\/125071\/revisions"}],"wp:attachment":[{"href":"https:\/\/plazajuarez.mx\/historico\/wp-json\/wp\/v2\/media?parent=125071"}],"wp:term":[{"taxonomy":"category","embeddable":true,"href":"https:\/\/plazajuarez.mx\/historico\/wp-json\/wp\/v2\/categories?post=125071"},{"taxonomy":"post_tag","embeddable":true,"href":"https:\/\/plazajuarez.mx\/historico\/wp-json\/wp\/v2\/tags?post=125071"}],"curies":[{"name":"wp","href":"https:\/\/api.w.org\/{rel}","templated":true}]}}