{"id":124999,"date":"2020-07-21T08:06:23","date_gmt":"2020-07-21T13:06:23","guid":{"rendered":"https:\/\/plazajuarez.mx\/?p=124999"},"modified":"2020-07-21T08:06:38","modified_gmt":"2020-07-21T13:06:38","slug":"queda-libre-el-detenido-por-el-incendio-de-la-catedral-de-nantes","status":"publish","type":"post","link":"https:\/\/plazajuarez.mx\/historico\/queda-libre-el-detenido-por-el-incendio-de-la-catedral-de-nantes\/","title":{"rendered":"Queda libre el detenido por el incendio de la catedral de Nantes"},"content":{"rendered":"\n<ul class=\"wp-block-list\"><li><strong>Su abogado, Quentin Chabert, hab\u00eda insistido desde que se conoci\u00f3 su arresto en que no hab\u00eda ning\u00fan elemento que lo vinculara al incendio<\/strong><\/li><\/ul>\n\n\n\n<!--more-->\n\n\n\n<p>El hombre detenido el s\u00e1bado por su presunta relaci\u00f3n con el incendio que ese d\u00eda se produjo en la catedral de la ciudad francesa de Nantes qued\u00f3 en libertad sin cargos esta madrugada, explic\u00f3 el fiscal de la ciudad francesa, Pierre Senn\u00e8s.<\/p>\n\n\n\n<p>Su abogado, Quentin Chabert, hab\u00eda insistido desde que se conoci\u00f3 su arresto en que no hab\u00eda ning\u00fan elemento que lo vinculara al incendio, que se sospecha pudo ser provocado, ya que los bomberos al llegar a la catedral se encontraron con tres focos diferentes de fuego en puntos muy alejados.<\/p>\n\n\n\n<p>En declaraciones al diario &#8220;Presse Oc\u00e9an&#8221;, Senn\u00e8s afirm\u00f3 que &#8220;no est\u00e1 implicado en la comisi\u00f3n de los hechos&#8221;.<\/p>\n\n\n\n<p>El hombre es un refugiado ruand\u00e9s de 39 a\u00f1os que realizaba labores de voluntario en la bas\u00edlica y que se hab\u00eda encargado de cerrarla el viernes por la noche.<\/p>\n\n\n\n<p>Los investigadores lo interrogaron bajo arresto porque quer\u00edan aclarar algunas informaciones que hab\u00eda dado, que les parec\u00edan incoherentes.<\/p>\n\n\n\n<p>Los bomberos fueron alertados el s\u00e1bado a las 7.45 hora local (5.45 GMT) por personas que vieron llamas en el interior de la catedral y consiguieron controlar al fuego a media ma\u00f1ana.<\/p>\n\n\n\n<p>Qued\u00f3 destruido un gran \u00f3rgano del siglo XVII, as\u00ed como otros elementos del mobiliario y algunas obras de arte, pero no hubo da\u00f1os estructurales.<\/p>\n\n\n\n<p>La catedral hab\u00eda sufrido en 1972 un grave incendio que calcin\u00f3 y destruy\u00f3 la techumbre, entonces con vigas de madera, que fue reconstruida con hormig\u00f3n armado.<\/p>\n","protected":false},"excerpt":{"rendered":"<p>Su abogado, Quentin Chabert, hab\u00eda insistido desde que se conoci\u00f3 su arresto en que no hab\u00eda ning\u00fan elemento que lo vinculara al incendio<\/p>\n","protected":false},"author":80,"featured_media":0,"comment_status":"closed","ping_status":"open","sticky":false,"template":"","format":"standard","meta":{"footnotes":""},"categories":[41],"tags":[],"class_list":["post-124999","post","type-post","status-publish","format-standard","hentry","category-arteria-cultural"],"_links":{"self":[{"href":"https:\/\/plazajuarez.mx\/historico\/wp-json\/wp\/v2\/posts\/124999","targetHints":{"allow":["GET"]}}],"collection":[{"href":"https:\/\/plazajuarez.mx\/historico\/wp-json\/wp\/v2\/posts"}],"about":[{"href":"https:\/\/plazajuarez.mx\/historico\/wp-json\/wp\/v2\/types\/post"}],"author":[{"embeddable":true,"href":"https:\/\/plazajuarez.mx\/historico\/wp-json\/wp\/v2\/users\/80"}],"replies":[{"embeddable":true,"href":"https:\/\/plazajuarez.mx\/historico\/wp-json\/wp\/v2\/comments?post=124999"}],"version-history":[{"count":0,"href":"https:\/\/plazajuarez.mx\/historico\/wp-json\/wp\/v2\/posts\/124999\/revisions"}],"wp:attachment":[{"href":"https:\/\/plazajuarez.mx\/historico\/wp-json\/wp\/v2\/media?parent=124999"}],"wp:term":[{"taxonomy":"category","embeddable":true,"href":"https:\/\/plazajuarez.mx\/historico\/wp-json\/wp\/v2\/categories?post=124999"},{"taxonomy":"post_tag","embeddable":true,"href":"https:\/\/plazajuarez.mx\/historico\/wp-json\/wp\/v2\/tags?post=124999"}],"curies":[{"name":"wp","href":"https:\/\/api.w.org\/{rel}","templated":true}]}}