{"id":124974,"date":"2020-07-21T07:24:24","date_gmt":"2020-07-21T12:24:24","guid":{"rendered":"https:\/\/plazajuarez.mx\/?p=124974"},"modified":"2020-07-21T07:24:37","modified_gmt":"2020-07-21T12:24:37","slug":"cobaeh-jaltocan-prepara-fin-de-cursos-virtual","status":"publish","type":"post","link":"https:\/\/plazajuarez.mx\/historico\/cobaeh-jaltocan-prepara-fin-de-cursos-virtual\/","title":{"rendered":"Cobaeh Jaltoc\u00e1n prepara fin de cursos virtual"},"content":{"rendered":"\n<ul class=\"wp-block-list\"><li><strong>Por culpa de la pandemia los compa\u00f1eros de escuela no podr\u00e1n compartir juntos esta alegr\u00eda\u00a0<\/strong><\/li><\/ul>\n\n\n\n<!--more-->\n\n\n\n<p>Debido a la pandemia por Covid-19, muchas instituciones educativas han tenido que realizar sus eventos y clausuras de forma virtual, tal es el caso de Colegio de Bachilleres del Estado de Hidalgo (Cobaeh) plantel Jaltoc\u00e1n, el cual prepara una ceremonia muy diferente.&nbsp;<\/p>\n\n\n\n<p>De acuerdo a la informaci\u00f3n de esta instituci\u00f3n, la clausura de la generaci\u00f3n 2017-2020 &#8220;Hidalgo crece Contigo&#8221; se realizar\u00e1 el pr\u00f3ximo 24 de Julio a las 17:00 horas, para la cual se han organizado con mucha anticipaci\u00f3n y entusiasmo, pues este evento sin duda alguna ser\u00e1 inolvidable.<\/p>\n\n\n\n<p>Por lo cual, invitan a toda la ciudadan\u00eda, padres de familia y estudiantes a que sean testigos de la ceremonia virtual a trav\u00e9s de Facebook en la p\u00e1gina oficial &#8220;Cobaeh Jaltoc\u00e1n&#8221;, donde se realizar\u00e1 la entrega de reconocimientos de manera simb\u00f3lica y digital y se\u00f1alan que obedecen las indicaciones de las autoridades de la Secretaria de Educaci\u00f3n P\u00fablica de Hidalgo (SEPH).<\/p>\n\n\n\n<p>Exhortan a la poblaci\u00f3n acatar las medidas preventivas para evitar contagios, a usar cubre bocas, gel antibacterial y a lavarse constantemente las manos.<\/p>\n","protected":false},"excerpt":{"rendered":"<p>Por culpa de la pandemia los compa\u00f1eros de escuela no podr\u00e1n compartir juntos esta alegr\u00eda\u00a0<\/p>\n","protected":false},"author":76,"featured_media":0,"comment_status":"closed","ping_status":"open","sticky":false,"template":"","format":"standard","meta":{"footnotes":""},"categories":[40],"tags":[],"class_list":["post-124974","post","type-post","status-publish","format-standard","hentry","category-region"],"_links":{"self":[{"href":"https:\/\/plazajuarez.mx\/historico\/wp-json\/wp\/v2\/posts\/124974","targetHints":{"allow":["GET"]}}],"collection":[{"href":"https:\/\/plazajuarez.mx\/historico\/wp-json\/wp\/v2\/posts"}],"about":[{"href":"https:\/\/plazajuarez.mx\/historico\/wp-json\/wp\/v2\/types\/post"}],"author":[{"embeddable":true,"href":"https:\/\/plazajuarez.mx\/historico\/wp-json\/wp\/v2\/users\/76"}],"replies":[{"embeddable":true,"href":"https:\/\/plazajuarez.mx\/historico\/wp-json\/wp\/v2\/comments?post=124974"}],"version-history":[{"count":0,"href":"https:\/\/plazajuarez.mx\/historico\/wp-json\/wp\/v2\/posts\/124974\/revisions"}],"wp:attachment":[{"href":"https:\/\/plazajuarez.mx\/historico\/wp-json\/wp\/v2\/media?parent=124974"}],"wp:term":[{"taxonomy":"category","embeddable":true,"href":"https:\/\/plazajuarez.mx\/historico\/wp-json\/wp\/v2\/categories?post=124974"},{"taxonomy":"post_tag","embeddable":true,"href":"https:\/\/plazajuarez.mx\/historico\/wp-json\/wp\/v2\/tags?post=124974"}],"curies":[{"name":"wp","href":"https:\/\/api.w.org\/{rel}","templated":true}]}}