{"id":124967,"date":"2020-07-21T07:24:42","date_gmt":"2020-07-21T12:24:42","guid":{"rendered":"https:\/\/plazajuarez.mx\/?p=124967"},"modified":"2020-07-21T07:24:54","modified_gmt":"2020-07-21T12:24:54","slug":"se-desborda-el-canal-viejo-requena","status":"publish","type":"post","link":"https:\/\/plazajuarez.mx\/historico\/se-desborda-el-canal-viejo-requena\/","title":{"rendered":"Se desborda el canal Viejo Requena"},"content":{"rendered":"\n<ul class=\"wp-block-list\"><li><strong>Por las lluvias de la tarde del domingo<\/strong><\/li><\/ul>\n\n\n\n<ul class=\"wp-block-list\"><li><strong>La zona m\u00e1s afectada fue la parte baja de la colonia El Cielito, donde ayer\u00a0el canal comenz\u00f3 a derramar el agua negra<\/strong><\/li><\/ul>\n\n\n\n<!--more-->\n\n\n\n<p><strong>Tula de Allende<\/strong>.- Personal de bomberos, maquinaria y servicios p\u00fablicos, pertenecientes de la Presidencia Municipal de Tula, apoyaron\u00a0 a la\u00a0 poblaci\u00f3n de la colonia El Cielito que se vio afectada por el desbordamiento del canal Viejo Requena, tras las lluvias de la tarde del domingo<\/p>\n\n\n\n<p>La zona m\u00e1s afectada fue la parte baja de la colonia El Cielito, donde a las 5:00 horas de ayer&nbsp;el canal comenz\u00f3 a derramar el agua negra que va hacia las orillas de la carretera.<\/p>\n\n\n\n<p>El derrame se origin\u00f3 debido a que un \u00e1rbol situado en la vera del ramal del canal Viejo Requena cay\u00f3 sobre el cauce y derrib\u00f3 un talud que conten\u00eda el agua residual.<\/p>\n\n\n\n<p>Al romperse el bordo el agua ingres\u00f3 a algunos locales situados en ese punto aleda\u00f1o al puente peatonal sobre la carretera Tula-El Llano.<\/p>\n\n\n\n<p>Durante varias horas el personal municipal trabaj\u00f3 en colocar costalera y reforzar el bordo para detener el flujo y vuelva a su normalidad en tanto la Conagua realiza los trabajos pertinentes<\/p>\n\n\n\n<p>El director de Protecci\u00f3n Civil y Bomberos de Tula, Jos\u00e9 de Jes\u00fas Ver\u00e1 Guerrero, indic\u00f3 que pese que la emergencia que se gener\u00f3 no exist\u00eda riesgo para la poblaci\u00f3n, pero pidi\u00f3 transitar por la zona con precauci\u00f3n a los automovilistas y a los peatones mantener la calma en tanto se refuerza el bordo.<\/p>\n\n\n\n<p>Sobre la intensa lluvia registrada la tarde noche del domingo el directivo inform\u00f3 que atendieron los reportes de anegaciones pluviales en la zona centro de Tula, en Avenida 5 de Mayo en su cruce con la Plaza del Taco, y en la calle 16 de Septiembre, donde junto con Capyat procedieron a destapar coladeras del drenaje para agilizar el paso del agua porque tarda el agua en irse por el sistema del drenaje p\u00fablico.<\/p>\n\n\n\n<p>En otros reportes atendieron en la comunidad de El Damu algunas anegaciones por el aguacero y en El Llano segunda secci\u00f3n, y apoyaron en dos viviendas donde se tap\u00f3 el drenaje y se procedi\u00f3 a desazolvarlas.&nbsp;<\/p>\n\n\n\n<p>Por \u00faltimo se\u00f1al\u00f3 que el saldo de lluvia fue en sin mayores afectaciones a la poblaci\u00f3n y aprovech\u00f3 para recordar las recomendaciones ante esta temporada de lluvias de estar pendiente de los reportes climatol\u00f3gicos que informa la administraci\u00f3n municipal con informes de Conagua, as\u00ed como mantener las colgaderas y alcantarillas libre de basura en las viviendas.<\/p>\n","protected":false},"excerpt":{"rendered":"<p>Por las lluvias de la tarde del domingo La zona m\u00e1s afectada fue la parte baja de la colonia El Cielito, donde ayer\u00a0el canal comenz\u00f3 a derramar el agua negra<\/p>\n","protected":false},"author":71,"featured_media":0,"comment_status":"closed","ping_status":"open","sticky":false,"template":"","format":"standard","meta":{"footnotes":""},"categories":[40],"tags":[],"class_list":["post-124967","post","type-post","status-publish","format-standard","hentry","category-region"],"_links":{"self":[{"href":"https:\/\/plazajuarez.mx\/historico\/wp-json\/wp\/v2\/posts\/124967","targetHints":{"allow":["GET"]}}],"collection":[{"href":"https:\/\/plazajuarez.mx\/historico\/wp-json\/wp\/v2\/posts"}],"about":[{"href":"https:\/\/plazajuarez.mx\/historico\/wp-json\/wp\/v2\/types\/post"}],"author":[{"embeddable":true,"href":"https:\/\/plazajuarez.mx\/historico\/wp-json\/wp\/v2\/users\/71"}],"replies":[{"embeddable":true,"href":"https:\/\/plazajuarez.mx\/historico\/wp-json\/wp\/v2\/comments?post=124967"}],"version-history":[{"count":0,"href":"https:\/\/plazajuarez.mx\/historico\/wp-json\/wp\/v2\/posts\/124967\/revisions"}],"wp:attachment":[{"href":"https:\/\/plazajuarez.mx\/historico\/wp-json\/wp\/v2\/media?parent=124967"}],"wp:term":[{"taxonomy":"category","embeddable":true,"href":"https:\/\/plazajuarez.mx\/historico\/wp-json\/wp\/v2\/categories?post=124967"},{"taxonomy":"post_tag","embeddable":true,"href":"https:\/\/plazajuarez.mx\/historico\/wp-json\/wp\/v2\/tags?post=124967"}],"curies":[{"name":"wp","href":"https:\/\/api.w.org\/{rel}","templated":true}]}}