{"id":124941,"date":"2020-07-21T08:04:04","date_gmt":"2020-07-21T13:04:04","guid":{"rendered":"https:\/\/plazajuarez.mx\/?p=124941"},"modified":"2020-07-21T08:04:15","modified_gmt":"2020-07-21T13:04:15","slug":"ampliaron-las-capacidades-en-cada-una-de-las-competencias-del-ministerio-publico","status":"publish","type":"post","link":"https:\/\/plazajuarez.mx\/historico\/ampliaron-las-capacidades-en-cada-una-de-las-competencias-del-ministerio-publico\/","title":{"rendered":"Ampliaron las capacidades en cada una de las competencias del Ministerio P\u00fablico"},"content":{"rendered":"\n<ul class=\"wp-block-list\"><li><strong>Se acord\u00f3 establecer los mecanismos que permitan desarrollar los proyectos en com\u00fan<\/strong><\/li><\/ul>\n\n\n\n<!--more-->\n\n\n\n<p>Mediante un comunicado en redes sociales se dio a conocer que con la vinculaci\u00f3n internacional de la Procuradur\u00eda General de Justicia del estado de Hidalgo que comenz\u00f3 hace dos a\u00f1os, se han ampliado las capacidades en cada una de las competencias del Ministerio P\u00fablico.<\/p>\n\n\n\n<p>Por ello, se detall\u00f3 que como parte de esa pol\u00edtica, funcionarias y funcionarios de la instituci\u00f3n dedicada a procurar justicia en Hidalgo, sostuvieron reuni\u00f3n virtual con Mario Adolfo B\u00facaro Flores titular de la Embajada de Guatemala en M\u00e9xico.<\/p>\n\n\n\n<p>Durante el encuentro que se realiz\u00f3 de manera virtual, en el que particip\u00f3 el equipo diplom\u00e1tico de dicho pa\u00eds en M\u00e9xico, se intercambiaron opiniones en materia de procuraci\u00f3n de justicia y prevenci\u00f3n del delito.<\/p>\n\n\n\n<p>Al finalizar la actividad, se acord\u00f3 mantener la relaci\u00f3n y establecer los mecanismos que permitan desarrollar los proyectos en com\u00fan.<\/p>\n","protected":false},"excerpt":{"rendered":"<p>Se acord\u00f3 establecer los mecanismos que permitan desarrollar los proyectos en com\u00fan<\/p>\n","protected":false},"author":93,"featured_media":0,"comment_status":"closed","ping_status":"open","sticky":false,"template":"","format":"standard","meta":{"footnotes":""},"categories":[37],"tags":[],"class_list":["post-124941","post","type-post","status-publish","format-standard","hentry","category-barandilla"],"_links":{"self":[{"href":"https:\/\/plazajuarez.mx\/historico\/wp-json\/wp\/v2\/posts\/124941","targetHints":{"allow":["GET"]}}],"collection":[{"href":"https:\/\/plazajuarez.mx\/historico\/wp-json\/wp\/v2\/posts"}],"about":[{"href":"https:\/\/plazajuarez.mx\/historico\/wp-json\/wp\/v2\/types\/post"}],"author":[{"embeddable":true,"href":"https:\/\/plazajuarez.mx\/historico\/wp-json\/wp\/v2\/users\/93"}],"replies":[{"embeddable":true,"href":"https:\/\/plazajuarez.mx\/historico\/wp-json\/wp\/v2\/comments?post=124941"}],"version-history":[{"count":0,"href":"https:\/\/plazajuarez.mx\/historico\/wp-json\/wp\/v2\/posts\/124941\/revisions"}],"wp:attachment":[{"href":"https:\/\/plazajuarez.mx\/historico\/wp-json\/wp\/v2\/media?parent=124941"}],"wp:term":[{"taxonomy":"category","embeddable":true,"href":"https:\/\/plazajuarez.mx\/historico\/wp-json\/wp\/v2\/categories?post=124941"},{"taxonomy":"post_tag","embeddable":true,"href":"https:\/\/plazajuarez.mx\/historico\/wp-json\/wp\/v2\/tags?post=124941"}],"curies":[{"name":"wp","href":"https:\/\/api.w.org\/{rel}","templated":true}]}}