{"id":124897,"date":"2020-07-21T07:17:17","date_gmt":"2020-07-21T12:17:17","guid":{"rendered":"https:\/\/plazajuarez.mx\/?p=124897"},"modified":"2020-07-21T07:18:33","modified_gmt":"2020-07-21T12:18:33","slug":"por-incumplimiento-de-obra-sacan-a-la-fuerza-a-pascual-charrez-de-su-despacho","status":"publish","type":"post","link":"https:\/\/plazajuarez.mx\/historico\/por-incumplimiento-de-obra-sacan-a-la-fuerza-a-pascual-charrez-de-su-despacho\/","title":{"rendered":"Hombres armados \u201crescatan\u201d a Pascual Charrez de manifestaci\u00f3n"},"content":{"rendered":"\n<ul class=\"wp-block-list\"><li><strong><strong>Nuevamente pobladores le obligaron a llevar a cabo una caminata, ahora por la comunidad de Cantamay\u00e9\u00a0<\/strong><\/strong><br><\/li><li><strong>Quer\u00edan que caminara 20 kil\u00f3metros, con un letrero colgando con la frase \u201cCharrez no cumple\u201d (incumpli\u00f3 en 7 comunidades)<\/strong><\/li><\/ul>\n\n\n\n<!--more-->\n\n\n\n<p><strong>Ixmiquilpan<\/strong>.- El alcalde, Pascual Charrez Pedraza, deber\u00e1 responder por las agresiones contra pobladores de siete comunidades, las cuales fueron violentadas por un grupo de hombres armados.\u00a0<\/p>\n\n\n\n<p>La agresi\u00f3n, se dio cuando el alcalde fue rescatado de una manifestaci\u00f3n en la que lo llevaban caminando al poblado de Cantamay\u00e9.&nbsp;<\/p>\n\n\n\n<p>\u201cQuer\u00edamos darle un rol por las calles\u201d, explican en un video. El rol que quer\u00edan darle al alcalde, son aproximadamente unos 20 kil\u00f3metros de distancia, que deb\u00eda recorrer a pie, con una cartulina con un letrero que dec\u00eda \u201cCharrez no cumple\u201d.&nbsp;<\/p>\n\n\n\n<p>El viacrucis del alcalde era en respuesta a que incumpli\u00f3 con al menos siete comunidades con un proyecto de agua potable integral, que fue parte de sus compromisos que incluso dicen, ha presumido en diversas ocasiones.&nbsp;<\/p>\n\n\n\n<p>Ayer se manifestaron frente al Ayuntamiento, exigieron la presencia del alcalde, quien luego de presentarse, fue retenido y lo hicieron caminar hasta la comunidad de San Nicol\u00e1s, donde un grupo de hombres encabezados por el delegado municipal del lugar, lograron liberarlo.&nbsp;<\/p>\n\n\n\n<figure class=\"wp-block-embed-facebook aligncenter wp-block-embed is-type-video is-provider-facebook\"><div class=\"wp-block-embed__wrapper\">\nhttps:\/\/www.facebook.com\/diarioplazajuarez\/videos\/1122255684798247\/\n<\/div><\/figure>\n\n\n\n<p>De acuerdo a los manifestantes, hubo agresiones, disparos y personas lesionadas, quienes ya presentaron denuncias penales.&nbsp;<\/p>\n\n\n\n<p>\u00c9sta es la segunda ocasi\u00f3n que el alcalde es retenido y obligado a caminar, para ser obligado a cumplir con sus compromisos pactados previamente.&nbsp;<\/p>\n\n\n\n<p>La semana pasada, pobladores de la comunidad de L\u00f3pez Ray\u00f3n, tambi\u00e9n lo retuvieron y obligaron a cumplir compromisos pendientes.<\/p>\n\n\n\n<p><\/p>\n","protected":false},"excerpt":{"rendered":"<p>Nuevamente pobladores le obligaron a llevar a cabo una caminata, ahora por la comunidad de Cantamay\u00e9\u00a0 Quer\u00edan que caminara 20 kil\u00f3metros, con un letrero colgando con la frase \u201cCharrez no cumple\u201d (incumpli\u00f3 en 7 comunidades)<\/p>\n","protected":false},"author":75,"featured_media":0,"comment_status":"closed","ping_status":"open","sticky":false,"template":"","format":"standard","meta":{"footnotes":""},"categories":[15,40],"tags":[],"class_list":["post-124897","post","type-post","status-publish","format-standard","hentry","category-destacadas","category-region"],"_links":{"self":[{"href":"https:\/\/plazajuarez.mx\/historico\/wp-json\/wp\/v2\/posts\/124897","targetHints":{"allow":["GET"]}}],"collection":[{"href":"https:\/\/plazajuarez.mx\/historico\/wp-json\/wp\/v2\/posts"}],"about":[{"href":"https:\/\/plazajuarez.mx\/historico\/wp-json\/wp\/v2\/types\/post"}],"author":[{"embeddable":true,"href":"https:\/\/plazajuarez.mx\/historico\/wp-json\/wp\/v2\/users\/75"}],"replies":[{"embeddable":true,"href":"https:\/\/plazajuarez.mx\/historico\/wp-json\/wp\/v2\/comments?post=124897"}],"version-history":[{"count":0,"href":"https:\/\/plazajuarez.mx\/historico\/wp-json\/wp\/v2\/posts\/124897\/revisions"}],"wp:attachment":[{"href":"https:\/\/plazajuarez.mx\/historico\/wp-json\/wp\/v2\/media?parent=124897"}],"wp:term":[{"taxonomy":"category","embeddable":true,"href":"https:\/\/plazajuarez.mx\/historico\/wp-json\/wp\/v2\/categories?post=124897"},{"taxonomy":"post_tag","embeddable":true,"href":"https:\/\/plazajuarez.mx\/historico\/wp-json\/wp\/v2\/tags?post=124897"}],"curies":[{"name":"wp","href":"https:\/\/api.w.org\/{rel}","templated":true}]}}