{"id":124817,"date":"2020-07-20T06:00:00","date_gmt":"2020-07-20T11:00:00","guid":{"rendered":"https:\/\/plazajuarez.mx\/?p=124817"},"modified":"2020-07-19T22:02:55","modified_gmt":"2020-07-20T03:02:55","slug":"tres-contagiados-por-covid-19-en-ayuntamiento","status":"publish","type":"post","link":"https:\/\/plazajuarez.mx\/historico\/tres-contagiados-por-covid-19-en-ayuntamiento\/","title":{"rendered":"Tres contagiados por Covid-19 en ayuntamiento"},"content":{"rendered":"\n<ul class=\"wp-block-list\"><li><strong>Los trabajadores del municipio se han recuperado favorablemente\u00a0<\/strong><\/li><\/ul>\n\n\n\n<!--more-->\n\n\n\n<p><strong>TULANCINGO<\/strong>.- Luego de cuatro meses de haber iniciado la emergencia sanitaria por Covid-19, la presidencia municipal de Tulancingo ha reportado tres casos positivos, los cuales se han recuperado favorablemente, y el pasado jueves se inform\u00f3 de otro servidor p\u00fablico sospechoso al virus SARS-CoV-02, que present\u00f3 todos los s\u00edntomas.\u00a0<\/p>\n\n\n\n<p>Autoridades locales destacaron que la cantidad de contagios es aceptable, tomando en cuenta el n\u00famero de trabajadores de la alcald\u00eda.<\/p>\n\n\n\n<p>El doctor P\u00edo Tom\u00e1s Marroqu\u00edn G\u00f3mez, director de Sanidad, inform\u00f3 que desde el inicio de la contingencia se aplicaron filtros, que incluyen aplicaci\u00f3n de alcohol gel tanto para personal como para los visitantes y la promoci\u00f3n del uso de cubrebocas.<\/p>\n\n\n\n<p>El funcionario agreg\u00f3 que tambi\u00e9n se redujo la movilidad mediante la implementaci\u00f3n de guardias, en cada una de las \u00e1reas de trabajo.<\/p>\n","protected":false},"excerpt":{"rendered":"<p>Los trabajadores del municipio se han recuperado favorablemente\u00a0<\/p>\n","protected":false},"author":70,"featured_media":0,"comment_status":"closed","ping_status":"open","sticky":false,"template":"","format":"standard","meta":{"footnotes":""},"categories":[40],"tags":[],"class_list":["post-124817","post","type-post","status-publish","format-standard","hentry","category-region"],"_links":{"self":[{"href":"https:\/\/plazajuarez.mx\/historico\/wp-json\/wp\/v2\/posts\/124817","targetHints":{"allow":["GET"]}}],"collection":[{"href":"https:\/\/plazajuarez.mx\/historico\/wp-json\/wp\/v2\/posts"}],"about":[{"href":"https:\/\/plazajuarez.mx\/historico\/wp-json\/wp\/v2\/types\/post"}],"author":[{"embeddable":true,"href":"https:\/\/plazajuarez.mx\/historico\/wp-json\/wp\/v2\/users\/70"}],"replies":[{"embeddable":true,"href":"https:\/\/plazajuarez.mx\/historico\/wp-json\/wp\/v2\/comments?post=124817"}],"version-history":[{"count":0,"href":"https:\/\/plazajuarez.mx\/historico\/wp-json\/wp\/v2\/posts\/124817\/revisions"}],"wp:attachment":[{"href":"https:\/\/plazajuarez.mx\/historico\/wp-json\/wp\/v2\/media?parent=124817"}],"wp:term":[{"taxonomy":"category","embeddable":true,"href":"https:\/\/plazajuarez.mx\/historico\/wp-json\/wp\/v2\/categories?post=124817"},{"taxonomy":"post_tag","embeddable":true,"href":"https:\/\/plazajuarez.mx\/historico\/wp-json\/wp\/v2\/tags?post=124817"}],"curies":[{"name":"wp","href":"https:\/\/api.w.org\/{rel}","templated":true}]}}