{"id":124812,"date":"2020-07-19T21:21:59","date_gmt":"2020-07-20T02:21:59","guid":{"rendered":"https:\/\/plazajuarez.mx\/?p=124812"},"modified":"2020-07-19T21:22:22","modified_gmt":"2020-07-20T02:22:22","slug":"mexico-llega-a-344-mil-224-casos-de-covid-19-hay-39184-muertes","status":"publish","type":"post","link":"https:\/\/plazajuarez.mx\/historico\/mexico-llega-a-344-mil-224-casos-de-covid-19-hay-39184-muertes\/","title":{"rendered":"M\u00e9xico llega a 344 mil 224 casos de Covid-19; hay 39,184 muertes"},"content":{"rendered":"\n<ul class=\"wp-block-list\"><li><strong>Un incremento de 296 con respecto al d\u00eda anterior.<\/strong><\/li><\/ul>\n\n\n\n<!--more-->\n\n\n\n<p>En el d\u00eda 50 de la nueva normalidad, la Secretar\u00eda de Salud inform\u00f3 que M\u00e9xico lleg\u00f3 a los 344 mil 224 casos positivos a Covid-19, 5 mil 311 m\u00e1s que ayer s\u00e1bado, as\u00ed como 39 mil 184 defunciones, un incremento de 296 con respecto al d\u00eda anterior.<\/p>\n\n\n\n<p>Jos\u00e9 Luis Alom\u00eda, director de Epidemiolog\u00eda, detall\u00f3 que de acuerdo con estimaciones, en estos momentos la cifra de casos confirmados ser\u00eda de 383 mil 847 y 42 mil 49 fallecimientos.<\/p>\n\n\n\n<p>En cuanto a la ocupaci\u00f3n hospitalaria, mencion\u00f3 que en todo el pa\u00eds existen 29 mil 709 camas generales para atender la enfermedad respiratoria, de las que 16 mil 170 est\u00e1n disponibles y 13 mil 539 ocupadas, por lo que existe una ocupaci\u00f3n de 46%.<\/p>\n\n\n\n<p>Mientras que en camas cr\u00edticas o que cuentan con ventilador mec\u00e1nico, hay un total de 10 mil 086, de las que 6 mil 232 est\u00e1n disponibles y 3 mil 854 ocupadas.<\/p>\n\n\n\n<p>En camas generales, Nuevo Le\u00f3n tiene la mayor ocupaci\u00f3n hospitalaria con 80%, le siguen Tabasco con 78% y Nayarit con 73%, mientras que en camas de terapia intensiva Tabasco tiene una ocupaci\u00f3n de 64 %, Nuevo Le\u00f3n de 63% y Baja California de 58%.<\/p>\n\n\n\n<p>La \u00faltima versi\u00f3n del sem\u00e1foro epidemiol\u00f3gico presentada el pasado viernes y que determin\u00f3 que 18 estados estar\u00e1n en color rojo y 14 en naranja, provoc\u00f3 que al menos cinco mandatarios estatales, algunos afines a la 4T, expresaran su rechazo e inconformidad con los criterios de la Secretar\u00eda de Salud federal.<\/p>\n\n\n\n<p>Este s\u00e1bado, los mandatarios de Baja California Sur, Carlos Mendoza Davis; de Yucat\u00e1n, Mauricio Vila, y de Quintana Roo, Carlos Joaqu\u00edn Gonz\u00e1lez, criticaron el nuevo sem\u00e1foro y anunciaron que mantendr\u00e1n a sus estados en naranja.<\/p>\n","protected":false},"excerpt":{"rendered":"<p>Un incremento de 296 con respecto al d\u00eda anterior.<\/p>\n","protected":false},"author":81,"featured_media":0,"comment_status":"closed","ping_status":"open","sticky":false,"template":"","format":"standard","meta":{"footnotes":""},"categories":[15,36],"tags":[],"class_list":["post-124812","post","type-post","status-publish","format-standard","hentry","category-destacadas","category-nacion"],"_links":{"self":[{"href":"https:\/\/plazajuarez.mx\/historico\/wp-json\/wp\/v2\/posts\/124812","targetHints":{"allow":["GET"]}}],"collection":[{"href":"https:\/\/plazajuarez.mx\/historico\/wp-json\/wp\/v2\/posts"}],"about":[{"href":"https:\/\/plazajuarez.mx\/historico\/wp-json\/wp\/v2\/types\/post"}],"author":[{"embeddable":true,"href":"https:\/\/plazajuarez.mx\/historico\/wp-json\/wp\/v2\/users\/81"}],"replies":[{"embeddable":true,"href":"https:\/\/plazajuarez.mx\/historico\/wp-json\/wp\/v2\/comments?post=124812"}],"version-history":[{"count":0,"href":"https:\/\/plazajuarez.mx\/historico\/wp-json\/wp\/v2\/posts\/124812\/revisions"}],"wp:attachment":[{"href":"https:\/\/plazajuarez.mx\/historico\/wp-json\/wp\/v2\/media?parent=124812"}],"wp:term":[{"taxonomy":"category","embeddable":true,"href":"https:\/\/plazajuarez.mx\/historico\/wp-json\/wp\/v2\/categories?post=124812"},{"taxonomy":"post_tag","embeddable":true,"href":"https:\/\/plazajuarez.mx\/historico\/wp-json\/wp\/v2\/tags?post=124812"}],"curies":[{"name":"wp","href":"https:\/\/api.w.org\/{rel}","templated":true}]}}