{"id":124806,"date":"2020-07-20T06:00:00","date_gmt":"2020-07-20T11:00:00","guid":{"rendered":"https:\/\/plazajuarez.mx\/?p=124806"},"modified":"2020-07-19T22:01:44","modified_gmt":"2020-07-20T03:01:44","slug":"hasta-el-momento-tres-pacientes-han-sido-dados-de-alta-en-tula","status":"publish","type":"post","link":"https:\/\/plazajuarez.mx\/historico\/hasta-el-momento-tres-pacientes-han-sido-dados-de-alta-en-tula\/","title":{"rendered":"Hasta el momento tres pacientes han sido dados de alta en Tula"},"content":{"rendered":"\n<ul class=\"wp-block-list\"><li><strong>Personal m\u00e9dico despidi\u00f3 con aplausos y palabras de aliento al tercer paciente que libr\u00f3 la batalla contra el Covid-19<\/strong><\/li><\/ul>\n\n\n\n<!--more-->\n\n\n\n<p><strong>TULA DE ALLENDE<\/strong>.- Personal m\u00e9dico del Hospital General de Tula este fin de semana despidi\u00f3 con aplausos a un paciente m\u00e1s que super\u00f3 la pandemia de Covid-19, por lo que ya suman tres en las \u00faltimas semanas. El personal m\u00e9dico de la unidad hospitalaria Tula-Tepeji sali\u00f3 a los pasillos a despedir al paciente del sexo masculino y con muestras de aliento festejaron el que haya sido dado de alta, luego de superar la enfermedad de la que se contagi\u00f3.<\/p>\n\n\n\n<p>El pasado 9 de julio un paciente de nombre Omero fue dado de alta, posteriormente uno m\u00e1s el 12 de julio y la tarde del 18 de este mismo mes una persona m\u00e1s fue enviada a su domicilio, tras superar los tres la enfermedad, luego de que el personal m\u00e9dico sumara esfuerzos para su recuperaci\u00f3n.<\/p>\n\n\n\n<p>Para el personal m\u00e9dico de las distintas \u00e1reas que atienden a los pacientes con Covid-19,&nbsp; el que un paciente sea dado de alta es una gran satisfacci\u00f3n, pero al mismo tiempo los compromete cada d\u00eda m\u00e1s en su delicada labor.<\/p>\n\n\n\n<p>Los m\u00e9dicos y enfermeras reiteraron que junto con el dem\u00e1s personal seguir\u00e1n poniendo su mayor esfuerzo en lo que a ellos compete para que los enfermos de la pandemia salgan adelante, pero hay situaciones que por las condiciones del paciente, salen de sus manos, as\u00ed que cuando una persona pierde la vida no solo por Covid-19, les ocasiona una gran tristeza.<\/p>\n\n\n\n<p>As\u00ed tambi\u00e9n, el personal m\u00e9dico aprovech\u00f3 para pedir a la poblaci\u00f3n que no baje la guardia en las medidas sanitarias, toda vez que en el hospital han aumentado los casos y solo cuentan con 24 tomas de ox\u00edgeno, aunque ocupando todos los pisos pueden atender hasta 30 pacientes de los cuales ya han sumado 22 que estaban hospitalizados al mismo tiempo en el Hospital General de Tula.<\/p>\n","protected":false},"excerpt":{"rendered":"<p>Personal m\u00e9dico despidi\u00f3 con aplausos y palabras de aliento al tercer paciente que libr\u00f3 la batalla contra el Covid-19<\/p>\n","protected":false},"author":71,"featured_media":0,"comment_status":"closed","ping_status":"open","sticky":false,"template":"","format":"standard","meta":{"footnotes":""},"categories":[40],"tags":[],"class_list":["post-124806","post","type-post","status-publish","format-standard","hentry","category-region"],"_links":{"self":[{"href":"https:\/\/plazajuarez.mx\/historico\/wp-json\/wp\/v2\/posts\/124806","targetHints":{"allow":["GET"]}}],"collection":[{"href":"https:\/\/plazajuarez.mx\/historico\/wp-json\/wp\/v2\/posts"}],"about":[{"href":"https:\/\/plazajuarez.mx\/historico\/wp-json\/wp\/v2\/types\/post"}],"author":[{"embeddable":true,"href":"https:\/\/plazajuarez.mx\/historico\/wp-json\/wp\/v2\/users\/71"}],"replies":[{"embeddable":true,"href":"https:\/\/plazajuarez.mx\/historico\/wp-json\/wp\/v2\/comments?post=124806"}],"version-history":[{"count":0,"href":"https:\/\/plazajuarez.mx\/historico\/wp-json\/wp\/v2\/posts\/124806\/revisions"}],"wp:attachment":[{"href":"https:\/\/plazajuarez.mx\/historico\/wp-json\/wp\/v2\/media?parent=124806"}],"wp:term":[{"taxonomy":"category","embeddable":true,"href":"https:\/\/plazajuarez.mx\/historico\/wp-json\/wp\/v2\/categories?post=124806"},{"taxonomy":"post_tag","embeddable":true,"href":"https:\/\/plazajuarez.mx\/historico\/wp-json\/wp\/v2\/tags?post=124806"}],"curies":[{"name":"wp","href":"https:\/\/api.w.org\/{rel}","templated":true}]}}