{"id":124782,"date":"2020-07-20T06:00:00","date_gmt":"2020-07-20T11:00:00","guid":{"rendered":"https:\/\/plazajuarez.mx\/?p=124782"},"modified":"2020-07-19T21:11:55","modified_gmt":"2020-07-20T02:11:55","slug":"pide-trump-centrar-atencion-mediatica-en-crisis-mexicana","status":"publish","type":"post","link":"https:\/\/plazajuarez.mx\/historico\/pide-trump-centrar-atencion-mediatica-en-crisis-mexicana\/","title":{"rendered":"Pide Trump centrar atenci\u00f3n medi\u00e1tica en crisis mexicana"},"content":{"rendered":"\n<ul class=\"wp-block-list\"><li><strong>Trump volvi\u00f3 a minimizar el impacto del COVID-19 en Estados Unidos, el pa\u00eds del mundo con m\u00e1s contagios<\/strong><\/li><\/ul>\n\n\n\n<!--more-->\n\n\n\n<p>(EFE).- El presidente de EE.UU., Donald Trump, pidi\u00f3 en una entrevista emitida este domingo que los medios se fijen m\u00e1s en la situaci\u00f3n de COVID-19 en M\u00e9xico y menos en la de su pa\u00eds, e insisti\u00f3 en que el tiempo le dar\u00e1 la raz\u00f3n y la enfermedad provocada por el nuevo coronavirus &#8220;desaparecer\u00e1&#8221;.<\/p>\n\n\n\n<p>Trump volvi\u00f3 a minimizar el impacto del COVID-19 en Estados Unidos, el pa\u00eds del mundo con m\u00e1s contagios y muertes por la enfermedad, con m\u00e1s de 3.7 millones de casos y m\u00e1s de 140 mil fallecimientos, y donde las infecciones est\u00e1n creciendo a un ritmo acelerado en varios de los estados m\u00e1s poblados.<\/p>\n\n\n\n<p>&#8220;Es lo que hay (&#8230;). No se trata solo de este pa\u00eds, est\u00e1 pasando en muchos pa\u00edses, pero no hablan de ello en las noticias. No hablan de M\u00e9xico y de Brasil y todav\u00eda de partes de Europa, donde (el coronavirus) lleg\u00f3 antes&#8221;, dijo Trump en una entrevista con la cadena Fox News.<\/p>\n\n\n\n<p>&#8220;\u00bfPor qu\u00e9 no hablan de M\u00e9xico, que no nos est\u00e1 ayudando? Todo lo que puedo decir es que gracias a Dios que constru\u00ed casi todo el muro, porque si no tuviera el muro arriba tendr\u00edamos un problema mucho mayor con M\u00e9xico&#8221;, a\u00f1adi\u00f3.<\/p>\n\n\n\n<p>Trump se pronunci\u00f3 as\u00ed a pesar de que Estados Unidos ha registrado once veces m\u00e1s casos y casi cuatro veces m\u00e1s muertes por coronavirus que M\u00e9xico, cuyo balance es de casi 340 mil contagios y m\u00e1s de 38 mil muertes, seg\u00fan datos de la Universidad Johns Hopkins.<\/p>\n\n\n\n<p>Esta no es la primera vez que Trump alega que el &#8220;muro&#8221; que est\u00e1 reconstruyendo en la frontera sur ha frenado la entrada de la COVID-19 desde M\u00e9xico, algo que tambi\u00e9n afirm\u00f3 durante una visita a Arizona en junio sin aportar pruebas o detalles.<\/p>\n","protected":false},"excerpt":{"rendered":"<p>Trump volvi\u00f3 a minimizar el impacto del COVID-19 en Estados Unidos, el pa\u00eds del mundo con m\u00e1s contagios<\/p>\n","protected":false},"author":80,"featured_media":0,"comment_status":"closed","ping_status":"open","sticky":false,"template":"","format":"standard","meta":{"footnotes":""},"categories":[31],"tags":[],"class_list":["post-124782","post","type-post","status-publish","format-standard","hentry","category-orbe"],"_links":{"self":[{"href":"https:\/\/plazajuarez.mx\/historico\/wp-json\/wp\/v2\/posts\/124782","targetHints":{"allow":["GET"]}}],"collection":[{"href":"https:\/\/plazajuarez.mx\/historico\/wp-json\/wp\/v2\/posts"}],"about":[{"href":"https:\/\/plazajuarez.mx\/historico\/wp-json\/wp\/v2\/types\/post"}],"author":[{"embeddable":true,"href":"https:\/\/plazajuarez.mx\/historico\/wp-json\/wp\/v2\/users\/80"}],"replies":[{"embeddable":true,"href":"https:\/\/plazajuarez.mx\/historico\/wp-json\/wp\/v2\/comments?post=124782"}],"version-history":[{"count":0,"href":"https:\/\/plazajuarez.mx\/historico\/wp-json\/wp\/v2\/posts\/124782\/revisions"}],"wp:attachment":[{"href":"https:\/\/plazajuarez.mx\/historico\/wp-json\/wp\/v2\/media?parent=124782"}],"wp:term":[{"taxonomy":"category","embeddable":true,"href":"https:\/\/plazajuarez.mx\/historico\/wp-json\/wp\/v2\/categories?post=124782"},{"taxonomy":"post_tag","embeddable":true,"href":"https:\/\/plazajuarez.mx\/historico\/wp-json\/wp\/v2\/tags?post=124782"}],"curies":[{"name":"wp","href":"https:\/\/api.w.org\/{rel}","templated":true}]}}