{"id":124778,"date":"2020-07-20T06:00:00","date_gmt":"2020-07-20T11:00:00","guid":{"rendered":"https:\/\/plazajuarez.mx\/?p=124778"},"modified":"2020-07-19T21:10:13","modified_gmt":"2020-07-20T02:10:13","slug":"mueren-dos-militares-tras-ataque-explosivo","status":"publish","type":"post","link":"https:\/\/plazajuarez.mx\/historico\/mueren-dos-militares-tras-ataque-explosivo\/","title":{"rendered":"Mueren dos militares tras ataque explosivo"},"content":{"rendered":"\n<p>(EFE).- Dos soldados colombianos murieron y otros tres resultaron heridos este domingo al explotarles un artefacto cuando realizaban labores de erradicaci\u00f3n de cultivos il\u00edcitos de coca en el convulso departamento del Cauca (suroeste), informaron fuentes castrenses.<\/p>\n\n\n\n<p>Un comunicado del Ej\u00e9rcito detall\u00f3 que los hechos ocurrieron en el caser\u00edo El Plateado, que hace parte del municipio de Argelia, cuando los militares fueron &#8220;v\u00edctimas de la activaci\u00f3n de un artefacto explosivo improvisado, que habr\u00eda sido instalado al parecer por los grupos armados organizados residuales que delinquen en el sector&#8221;.<\/p>\n\n\n\n<p>La informaci\u00f3n a\u00f1ade que producto del &#8220;atroz acto&#8221; el cabo tercero y los cuatro soldados fueron evacuados de la zona en un helic\u00f3ptero y trasladados a un hospital de la vecina Cali, capital del departamento del Valle del Cauca, en donde dos de ellos murieron por la gravedad de las heridas.<\/p>\n\n\n\n<p>&#8220;Este tipo de hechos confirman una vez m\u00e1s el accionar delictivo de estos grupos armados organizados al margen de la ley, mediante la sistem\u00e1tica y continua violaci\u00f3n de los derechos humanos&#8221;, asegur\u00f3 el Ej\u00e9rcito.<\/p>\n","protected":false},"excerpt":{"rendered":"<p>(EFE).- Dos soldados colombianos murieron y otros tres resultaron heridos este domingo al explotarles un artefacto cuando realizaban labores de erradicaci\u00f3n de cultivos il\u00edcitos de coca en el convulso departamento del Cauca (suroeste), informaron fuentes castrenses. Un comunicado del Ej\u00e9rcito detall\u00f3 que los hechos ocurrieron en el caser\u00edo El Plateado, que hace parte del municipio [&hellip;]<\/p>\n","protected":false},"author":80,"featured_media":0,"comment_status":"closed","ping_status":"open","sticky":false,"template":"","format":"standard","meta":{"footnotes":""},"categories":[31],"tags":[],"class_list":["post-124778","post","type-post","status-publish","format-standard","hentry","category-orbe"],"_links":{"self":[{"href":"https:\/\/plazajuarez.mx\/historico\/wp-json\/wp\/v2\/posts\/124778","targetHints":{"allow":["GET"]}}],"collection":[{"href":"https:\/\/plazajuarez.mx\/historico\/wp-json\/wp\/v2\/posts"}],"about":[{"href":"https:\/\/plazajuarez.mx\/historico\/wp-json\/wp\/v2\/types\/post"}],"author":[{"embeddable":true,"href":"https:\/\/plazajuarez.mx\/historico\/wp-json\/wp\/v2\/users\/80"}],"replies":[{"embeddable":true,"href":"https:\/\/plazajuarez.mx\/historico\/wp-json\/wp\/v2\/comments?post=124778"}],"version-history":[{"count":0,"href":"https:\/\/plazajuarez.mx\/historico\/wp-json\/wp\/v2\/posts\/124778\/revisions"}],"wp:attachment":[{"href":"https:\/\/plazajuarez.mx\/historico\/wp-json\/wp\/v2\/media?parent=124778"}],"wp:term":[{"taxonomy":"category","embeddable":true,"href":"https:\/\/plazajuarez.mx\/historico\/wp-json\/wp\/v2\/categories?post=124778"},{"taxonomy":"post_tag","embeddable":true,"href":"https:\/\/plazajuarez.mx\/historico\/wp-json\/wp\/v2\/tags?post=124778"}],"curies":[{"name":"wp","href":"https:\/\/api.w.org\/{rel}","templated":true}]}}