{"id":124774,"date":"2020-07-20T06:00:00","date_gmt":"2020-07-20T11:00:00","guid":{"rendered":"https:\/\/plazajuarez.mx\/?p=124774"},"modified":"2020-07-19T21:06:40","modified_gmt":"2020-07-20T02:06:40","slug":"en-tula-de-allende-reportaron-la-desaparicion-de-un-adolescente-de-solo-12-anos","status":"publish","type":"post","link":"https:\/\/plazajuarez.mx\/historico\/en-tula-de-allende-reportaron-la-desaparicion-de-un-adolescente-de-solo-12-anos\/","title":{"rendered":"En Tula de Allende, reportaron la desaparici\u00f3n de un adolescente de s\u00f3lo 12 a\u00f1os"},"content":{"rendered":"\n<ul class=\"wp-block-list\"><li><strong>Se dio creaci\u00f3n de Alerta Amber para localizar al joven Andr\u00e9s Mart\u00ednez Berinst\u00e1in<\/strong><\/li><\/ul>\n\n\n\n<!--more-->\n\n\n\n<p>La Procuradur\u00eda General de Justicia del estado de Hidalgo, dio a conocer que recibi\u00f3 denuncia por desaparici\u00f3n de persona, ya que familiares de un menor de edad, acudieron a solicitar apoyo para tratar de localizar al infortunado, de quien no saben d\u00f3nde y c\u00f3mo pueda estar desde el pasado 17 del mes y a\u00f1o en curso.<\/p>\n\n\n\n<p>Al abundar en la informaci\u00f3n, la dependencia encargada de procurar justicia dej\u00f3 en claro que&nbsp; por ello se dio paso a la creaci\u00f3n de la Alerta Amber para localizar al joven Andr\u00e9s Mart\u00ednez Berinst\u00e1in de tan s\u00f3lo 12 a\u00f1os de edad, originario y vecino del municipio de Tula de Allende.<\/p>\n\n\n\n<p>En la declaraci\u00f3n que se hizo, se refiere que a Andr\u00e9s se le vio por \u00faltima vez cuando sali\u00f3 de su domicilio desde el 17 de julio pasado y hasta el momento se desconoce su paradero.&nbsp;<\/p>\n\n\n\n<p>Por ello a Mart\u00ednez Berinst\u00e1in, se le considera como una persona no localizada.<\/p>\n","protected":false},"excerpt":{"rendered":"<p>Se dio creaci\u00f3n de Alerta Amber para localizar al joven Andr\u00e9s Mart\u00ednez Berinst\u00e1in<\/p>\n","protected":false},"author":93,"featured_media":0,"comment_status":"closed","ping_status":"open","sticky":false,"template":"","format":"standard","meta":{"footnotes":""},"categories":[37],"tags":[],"class_list":["post-124774","post","type-post","status-publish","format-standard","hentry","category-barandilla"],"_links":{"self":[{"href":"https:\/\/plazajuarez.mx\/historico\/wp-json\/wp\/v2\/posts\/124774","targetHints":{"allow":["GET"]}}],"collection":[{"href":"https:\/\/plazajuarez.mx\/historico\/wp-json\/wp\/v2\/posts"}],"about":[{"href":"https:\/\/plazajuarez.mx\/historico\/wp-json\/wp\/v2\/types\/post"}],"author":[{"embeddable":true,"href":"https:\/\/plazajuarez.mx\/historico\/wp-json\/wp\/v2\/users\/93"}],"replies":[{"embeddable":true,"href":"https:\/\/plazajuarez.mx\/historico\/wp-json\/wp\/v2\/comments?post=124774"}],"version-history":[{"count":0,"href":"https:\/\/plazajuarez.mx\/historico\/wp-json\/wp\/v2\/posts\/124774\/revisions"}],"wp:attachment":[{"href":"https:\/\/plazajuarez.mx\/historico\/wp-json\/wp\/v2\/media?parent=124774"}],"wp:term":[{"taxonomy":"category","embeddable":true,"href":"https:\/\/plazajuarez.mx\/historico\/wp-json\/wp\/v2\/categories?post=124774"},{"taxonomy":"post_tag","embeddable":true,"href":"https:\/\/plazajuarez.mx\/historico\/wp-json\/wp\/v2\/tags?post=124774"}],"curies":[{"name":"wp","href":"https:\/\/api.w.org\/{rel}","templated":true}]}}