{"id":124773,"date":"2020-07-20T06:00:00","date_gmt":"2020-07-20T11:00:00","guid":{"rendered":"https:\/\/plazajuarez.mx\/?p=124773"},"modified":"2020-07-19T21:12:03","modified_gmt":"2020-07-20T02:12:03","slug":"carnicero-mata-a-punaladas-a-su-padre-en-la-gam","status":"publish","type":"post","link":"https:\/\/plazajuarez.mx\/historico\/carnicero-mata-a-punaladas-a-su-padre-en-la-gam\/","title":{"rendered":"Carnicero mata a pu\u00f1aladas a su padre en la GAM"},"content":{"rendered":"\n<ul class=\"wp-block-list\"><li><strong>Ram\u00f3n y su hijo del mismo nombre tuvieron discusi\u00f3n por adicci\u00f3n de \u00e9ste \u00faltimo<\/strong><\/li><\/ul>\n\n\n\n<!--more-->\n\n\n\n<p>Presuntamente bajo influjo de estupefacientes, un carnicero apu\u00f1al\u00f3 a su padre tambi\u00e9n carnicero dentro de su propio domicilio, en la colonia Providencia de la alcald\u00eda Gustavo A. Madero.<\/p>\n\n\n\n<p>Seg\u00fan autoridades, don Ram\u00f3n y su hijo del mismo nombre tuvieron una discusi\u00f3n al parecer relacionada con la adicci\u00f3n de \u00e9ste \u00faltimo.<\/p>\n\n\n\n<p>Los reclamos fueron aumentando hasta que el hombre de 35 a\u00f1os empu\u00f1\u00f3 un cuchillo filetero de 30 cent\u00edmetro y se lo encaj\u00f3 en el pecho a su padre de 78 a\u00f1os de edad.<\/p>\n\n\n\n<p>Los agentes del sector Pradera recibieron el reporte de una ri\u00f1a familiar en el 274-Bis de la calle Estado de Sonora, cuando ingresaron al primer nivel encontraron tirado a Ram\u00f3n Arceo Torres.<\/p>\n\n\n\n<p>El parricidio sorprendi\u00f3 a propios y extra\u00f1os, pues atend\u00edan su carnicer\u00eda en la colonia San Felipe de Jes\u00fas sin mayor problema. Adem\u00e1s, consideraban al hijo como trabajador y tranquilo.<\/p>\n\n\n\n<p>Los familiares se enteraron que el hijo consum\u00eda drogas, por lo que supusieron que se encontraba intoxicado al momento de la discusi\u00f3n. Jos\u00e9 Ram\u00f3n &#8220;N&#8221; fue detenido.<\/p>\n","protected":false},"excerpt":{"rendered":"<p>Ram\u00f3n y su hijo del mismo nombre tuvieron discusi\u00f3n por adicci\u00f3n de \u00e9ste \u00faltimo<\/p>\n","protected":false},"author":81,"featured_media":0,"comment_status":"closed","ping_status":"open","sticky":false,"template":"","format":"standard","meta":{"footnotes":""},"categories":[37],"tags":[],"class_list":["post-124773","post","type-post","status-publish","format-standard","hentry","category-barandilla"],"_links":{"self":[{"href":"https:\/\/plazajuarez.mx\/historico\/wp-json\/wp\/v2\/posts\/124773","targetHints":{"allow":["GET"]}}],"collection":[{"href":"https:\/\/plazajuarez.mx\/historico\/wp-json\/wp\/v2\/posts"}],"about":[{"href":"https:\/\/plazajuarez.mx\/historico\/wp-json\/wp\/v2\/types\/post"}],"author":[{"embeddable":true,"href":"https:\/\/plazajuarez.mx\/historico\/wp-json\/wp\/v2\/users\/81"}],"replies":[{"embeddable":true,"href":"https:\/\/plazajuarez.mx\/historico\/wp-json\/wp\/v2\/comments?post=124773"}],"version-history":[{"count":0,"href":"https:\/\/plazajuarez.mx\/historico\/wp-json\/wp\/v2\/posts\/124773\/revisions"}],"wp:attachment":[{"href":"https:\/\/plazajuarez.mx\/historico\/wp-json\/wp\/v2\/media?parent=124773"}],"wp:term":[{"taxonomy":"category","embeddable":true,"href":"https:\/\/plazajuarez.mx\/historico\/wp-json\/wp\/v2\/categories?post=124773"},{"taxonomy":"post_tag","embeddable":true,"href":"https:\/\/plazajuarez.mx\/historico\/wp-json\/wp\/v2\/tags?post=124773"}],"curies":[{"name":"wp","href":"https:\/\/api.w.org\/{rel}","templated":true}]}}