{"id":124758,"date":"2020-07-20T06:00:00","date_gmt":"2020-07-20T11:00:00","guid":{"rendered":"https:\/\/plazajuarez.mx\/?p=124758"},"modified":"2020-07-19T20:45:04","modified_gmt":"2020-07-20T01:45:04","slug":"sebastian-rulli-ahora-sera-el-dragon","status":"publish","type":"post","link":"https:\/\/plazajuarez.mx\/historico\/sebastian-rulli-ahora-sera-el-dragon\/","title":{"rendered":"Sebasti\u00e1n Rulli, ahora ser\u00e1 &#8220;El Drag\u00f3n&#8221;"},"content":{"rendered":"\n<ul class=\"wp-block-list\"><li><strong>&#8220;Van a ver un personaje pulcro, calculador, estructurado y que tambi\u00e9n muestra sus debilidades. Ver\u00e1n mucho amor y acci\u00f3n&#8221;, adelant\u00f3<\/strong><\/li><\/ul>\n\n\n\n<!--more-->\n\n\n\n<p>Uno de los puntos que Sebasti\u00e1n Rulli destaca de la serie &#8220;El drag\u00f3n&#8221; es que junta dos culturas: la mexicana y japonesa.<\/p>\n\n\n\n<p>En la historia que este mi\u00e9rcoles llega a la televisi\u00f3n abierta a las 21:30 horas por Las Estrellas, el actor da vida al protagonista Miguel Garza Mart\u00ednez, mejor conocido por el alias &#8220;El Drag\u00f3n&#8221;.<\/p>\n\n\n\n<p>El reto para Rulli fue extremo. El int\u00e9rprete recuerda que adem\u00e1s de las clases de aikido que tom\u00f3 por tres meses antes de arrancar con grabaciones, ya durante el rodaje fueron ocho meses sin parar de lunes a s\u00e1bado, trabajando m\u00ednimo 12 horas por d\u00eda.<\/p>\n\n\n\n<p>&#8220;Era llegar a la casa y tener que estudiar de memoria para el otro d\u00eda y aparte, cuando se pod\u00eda, hacer ejercicio para mantenerme en forma&#8221;, recuerda.<\/p>\n\n\n\n<p>El actor define a &#8220;El drag\u00f3n&#8221; como alguien que ha sufrido mucho y ya no cree en el amor.<\/p>\n\n\n\n<p>&#8220;Van a ver un personaje pulcro, calculador, estructurado y que tambi\u00e9n muestra sus debilidades. Ver\u00e1n mucho amor, romanticismo, acci\u00f3n, un personaje complet\u00edsimo&#8221;, adelanta.<\/p>\n\n\n\n<p>&#8220;El reto fue eso, darle vida a todo esto en un personaje que lleva la trama completa de la historia&#8221;, dice.<\/p>\n\n\n\n<p>Adem\u00e1s de Sebasti\u00e1n Rulli, el elenco de la serie est\u00e1 encabezado por Renata Notni, Irina Baeva, Roberto Mateos y Javier G\u00f3mez, entre otros.<\/p>\n\n\n\n<p>Todos ellos har\u00e1n su mejor trabajo para ofrecer un producto muy prometedor para la audiencia, que est\u00e1 \u00e1vida de contenidos de calidad.<\/p>\n","protected":false},"excerpt":{"rendered":"<p>&#8220;Van a ver un personaje pulcro, calculador, estructurado y que tambi\u00e9n muestra sus debilidades. Ver\u00e1n mucho amor y acci\u00f3n&#8221;, adelant\u00f3<\/p>\n","protected":false},"author":81,"featured_media":0,"comment_status":"closed","ping_status":"open","sticky":false,"template":"","format":"standard","meta":{"footnotes":""},"categories":[38],"tags":[],"class_list":["post-124758","post","type-post","status-publish","format-standard","hentry","category-show"],"_links":{"self":[{"href":"https:\/\/plazajuarez.mx\/historico\/wp-json\/wp\/v2\/posts\/124758","targetHints":{"allow":["GET"]}}],"collection":[{"href":"https:\/\/plazajuarez.mx\/historico\/wp-json\/wp\/v2\/posts"}],"about":[{"href":"https:\/\/plazajuarez.mx\/historico\/wp-json\/wp\/v2\/types\/post"}],"author":[{"embeddable":true,"href":"https:\/\/plazajuarez.mx\/historico\/wp-json\/wp\/v2\/users\/81"}],"replies":[{"embeddable":true,"href":"https:\/\/plazajuarez.mx\/historico\/wp-json\/wp\/v2\/comments?post=124758"}],"version-history":[{"count":0,"href":"https:\/\/plazajuarez.mx\/historico\/wp-json\/wp\/v2\/posts\/124758\/revisions"}],"wp:attachment":[{"href":"https:\/\/plazajuarez.mx\/historico\/wp-json\/wp\/v2\/media?parent=124758"}],"wp:term":[{"taxonomy":"category","embeddable":true,"href":"https:\/\/plazajuarez.mx\/historico\/wp-json\/wp\/v2\/categories?post=124758"},{"taxonomy":"post_tag","embeddable":true,"href":"https:\/\/plazajuarez.mx\/historico\/wp-json\/wp\/v2\/tags?post=124758"}],"curies":[{"name":"wp","href":"https:\/\/api.w.org\/{rel}","templated":true}]}}