{"id":124756,"date":"2020-07-20T06:00:00","date_gmt":"2020-07-20T11:00:00","guid":{"rendered":"https:\/\/plazajuarez.mx\/?p=124756"},"modified":"2020-07-19T20:47:59","modified_gmt":"2020-07-20T01:47:59","slug":"el-salon-donde-bailaron-cantinflas-y-frida-kahlo-podria-desaparecer","status":"publish","type":"post","link":"https:\/\/plazajuarez.mx\/historico\/el-salon-donde-bailaron-cantinflas-y-frida-kahlo-podria-desaparecer\/","title":{"rendered":"El sal\u00f3n donde bailaron Cantinflas y Frida Kahlo, podr\u00eda desaparecer"},"content":{"rendered":"\n<ul class=\"wp-block-list\"><li><strong>Ya han pasado demasiados meses desde que se apagaron los ic\u00f3nicos neones del sal\u00f3n y su due\u00f1o, Miguel Nieto, se ha visto obligado a lanzar una campa\u00f1a para pedir fondos\u00a0<\/strong><\/li><\/ul>\n\n\n\n<!--more-->\n\n\n\n<p>Dicen que quien no conoce el sal\u00f3n Los \u00c1ngeles no conoce a M\u00e9xico. Esta m\u00edtica sala de baile, frecuentada entre otros por Frida Kahlo y Cantinflas, corre ahora el riesgo de desaparecer por la crisis del coronavirus y borrar m\u00e1s de ocho d\u00e9cadas de historia colectiva del pa\u00eds.<\/p>\n\n\n\n<p>Las flautas y timbales del danz\u00f3n callaron el pasado 22 de marzo en este inmenso espacio de 2.000 metros cuadrados y paredes rosadas ubicado en la humilde colonia Guerrero, barrio de la capital mexicana.<\/p>\n\n\n\n<p>Ya han pasado demasiados meses desde que se apagaron los ic\u00f3nicos neones del sal\u00f3n y su due\u00f1o, Miguel Nieto, se ha visto obligado a lanzar una campa\u00f1a para pedir fondos a fin de frenar la agon\u00eda de este hist\u00f3rico espacio, que deber\u00eda cumplir 83 a\u00f1os en agosto.<\/p>\n\n\n\n<p>&#8220;En efecto, es posible que tengamos que cerrar. Si la campa\u00f1a hace que aguantemos lo suficiente hasta que podamos abrir, pues no cerraremos y presentaremos un nuevo sal\u00f3n acorde con el siglo XXI&#8221;, cuenta a Efe Nieto, cuyo abuelo fund\u00f3 el lugar en 1937.<\/p>\n\n\n\n<p>El incierto futuro del sal\u00f3n navega en un abanico de posibilidades, como vender el local, convertirlo en un museo o seguir operando con espacios limitados y vetando los bailes en pareja.<\/p>\n\n\n\n<p>&#8220;Claro que es muy dif\u00edcil que cuando uno est\u00e1 en la fiesta, se porte bien y siga la regla, porque el arte del baile es ser libre y esa libertad puede propiciar contagios&#8221;, admite el due\u00f1o.<\/p>\n\n\n\n<p>Los problemas financieros del sal\u00f3n Los \u00c1ngeles vienen de lejos, puesto que las nuevas generaciones ya no se sienten tan atra\u00eddas por el vaiv\u00e9n del danz\u00f3n, el mambo, la cumbia, la salsa y el chachach\u00e1.<\/p>\n\n\n\n<p>El sal\u00f3n ha subsistido gracias a los ingresos por rodajes de pel\u00edculas, series y videoclips, y no por el irrisorio precio que pagan las parejas de adultos mayores que acuden a bailar los martes y domingos por la noche.<\/p>\n\n\n\n<p>Los m\u00e1s fieles al sal\u00f3n son los pachucos, hombres que se visten con extravagantes trajes, sombreros con plumas y zapatos bicolor para representar a la comunidad mexicana que viv\u00eda en Estados Unidos en los a\u00f1os 30, pero eso no basta para pagar a los 25 trabajadores del local.<\/p>\n\n\n\n<p>&#8220;Podr\u00edamos subir los precios y mejorar la oferta gastron\u00f3mica y convertirlo en un cabaret como los de Par\u00eds, pero eso nos eliminar\u00eda del mercado popular&#8221;, explica.<\/p>\n\n\n\n<p><strong>M\u00e9xico cabe en Los \u00c1ngeles<\/strong><\/p>\n\n\n\n<p>Ubicado a dos calles de las ruinas prehisp\u00e1nicas de Tlatelolco, el sal\u00f3n puede &#8220;resumir la historia del pa\u00eds&#8221;, seg\u00fan cuenta su septuagenario due\u00f1o, quien regenta el espacio desde los 22 a\u00f1os.<\/p>\n\n\n\n<p>Las filas de viejas fotos y nost\u00e1lgicos carteles que decoran las paredes del sal\u00f3n Los \u00c1ngeles recuerdan que por su escenario han pasado Celia Cruz, La Sonora Matancera, La Sonora Dinamita o la bailarina Elisa Carrillo.<\/p>\n","protected":false},"excerpt":{"rendered":"<p>Ya han pasado demasiados meses desde que se apagaron los ic\u00f3nicos neones del sal\u00f3n y su due\u00f1o, Miguel Nieto, se ha visto obligado a lanzar una campa\u00f1a para pedir fondos\u00a0<\/p>\n","protected":false},"author":80,"featured_media":0,"comment_status":"closed","ping_status":"open","sticky":false,"template":"","format":"standard","meta":{"footnotes":""},"categories":[41],"tags":[],"class_list":["post-124756","post","type-post","status-publish","format-standard","hentry","category-arteria-cultural"],"_links":{"self":[{"href":"https:\/\/plazajuarez.mx\/historico\/wp-json\/wp\/v2\/posts\/124756","targetHints":{"allow":["GET"]}}],"collection":[{"href":"https:\/\/plazajuarez.mx\/historico\/wp-json\/wp\/v2\/posts"}],"about":[{"href":"https:\/\/plazajuarez.mx\/historico\/wp-json\/wp\/v2\/types\/post"}],"author":[{"embeddable":true,"href":"https:\/\/plazajuarez.mx\/historico\/wp-json\/wp\/v2\/users\/80"}],"replies":[{"embeddable":true,"href":"https:\/\/plazajuarez.mx\/historico\/wp-json\/wp\/v2\/comments?post=124756"}],"version-history":[{"count":0,"href":"https:\/\/plazajuarez.mx\/historico\/wp-json\/wp\/v2\/posts\/124756\/revisions"}],"wp:attachment":[{"href":"https:\/\/plazajuarez.mx\/historico\/wp-json\/wp\/v2\/media?parent=124756"}],"wp:term":[{"taxonomy":"category","embeddable":true,"href":"https:\/\/plazajuarez.mx\/historico\/wp-json\/wp\/v2\/categories?post=124756"},{"taxonomy":"post_tag","embeddable":true,"href":"https:\/\/plazajuarez.mx\/historico\/wp-json\/wp\/v2\/tags?post=124756"}],"curies":[{"name":"wp","href":"https:\/\/api.w.org\/{rel}","templated":true}]}}