{"id":124755,"date":"2020-07-20T06:00:00","date_gmt":"2020-07-20T11:00:00","guid":{"rendered":"https:\/\/plazajuarez.mx\/?p=124755"},"modified":"2020-07-19T20:48:55","modified_gmt":"2020-07-20T01:48:55","slug":"mazatlan-fc-ficha-a-la-banda-el-recodo","status":"publish","type":"post","link":"https:\/\/plazajuarez.mx\/historico\/mazatlan-fc-ficha-a-la-banda-el-recodo\/","title":{"rendered":"MAZATL\u00c1N FC \u201cFICHA\u201d A LA BANDA EL RECODO"},"content":{"rendered":"\n<ul class=\"wp-block-list\"><li><strong>En redes sociales, la nueva franquicia de la Primera Divisi\u00f3n public\u00f3 un video, en el que sus futbolistas cantan una de las famosas melod\u00edas de la banda El Recodo<\/strong><\/li><\/ul>\n\n\n\n<!--more-->\n\n\n\n<p>El Mazatl\u00e1n FC dej\u00f3 ver su siguiente sorpresa de cara a su debut en la Liga MX. Un refuerzo bomba, pero no para la cancha, sino para el gusto musical de sus seguidores.<\/p>\n\n\n\n<p>En redes sociales, la nueva franquicia de la Primera Divisi\u00f3n public\u00f3 un video, en el que sus futbolistas cantan una de las famosas melod\u00edas de la banda El Recodo de Cruz Liz\u00e1rraga, &#8220;Corrido de Mazatl\u00e1n&#8221;.<\/p>\n\n\n\n<p>&#8220;\u00a1#IUUUUU QUE SE ESCUCHE EN TODO MAZATL\u00c1N! Porque es un orgullo ser de Mazatl\u00e1n, \u00bfVerdad, @ElRecodoOficial?&#8221;, se\u00f1al\u00f3 la cuenta del Mazatl\u00e1n FC en su adelanto.<\/p>\n\n\n\n<p>Mientras que la popular agrupaci\u00f3n replic\u00f3: &#8220;Es un gran orgullo ser Mazatl\u00e1n FC @MazatlanFC&#8221;.<\/p>\n\n\n\n<p>En el video, C\u00e1ndido Ram\u00edrez hace los honores al entonar &#8220;hoy que el destino me trajo hasta esta tierra&#8221;, seguido por el guardameta Miguel Fraga con &#8220;donde el Pac\u00edfico es algo sin igual&#8221;. Y as\u00ed, sucesivamente el resto de la plantilla que espera debutar en Guard1anes 2020, el pr\u00f3ximo 24 de julio frente al Puebla.<\/p>\n\n\n\n<p>Extraoficialmente, el acuerdo con la banda El Recodo contempla un concierto virtual desde el Estadio Kraken y aparecer como patrocinadores en el uniforme del club.<\/p>\n","protected":false},"excerpt":{"rendered":"<p>En redes sociales, la nueva franquicia de la Primera Divisi\u00f3n public\u00f3 un video, en el que sus futbolistas cantan una de las famosas melod\u00edas de la banda El Recodo<\/p>\n","protected":false},"author":81,"featured_media":0,"comment_status":"closed","ping_status":"open","sticky":false,"template":"","format":"standard","meta":{"footnotes":""},"categories":[39],"tags":[],"class_list":["post-124755","post","type-post","status-publish","format-standard","hentry","category-deportiva"],"_links":{"self":[{"href":"https:\/\/plazajuarez.mx\/historico\/wp-json\/wp\/v2\/posts\/124755","targetHints":{"allow":["GET"]}}],"collection":[{"href":"https:\/\/plazajuarez.mx\/historico\/wp-json\/wp\/v2\/posts"}],"about":[{"href":"https:\/\/plazajuarez.mx\/historico\/wp-json\/wp\/v2\/types\/post"}],"author":[{"embeddable":true,"href":"https:\/\/plazajuarez.mx\/historico\/wp-json\/wp\/v2\/users\/81"}],"replies":[{"embeddable":true,"href":"https:\/\/plazajuarez.mx\/historico\/wp-json\/wp\/v2\/comments?post=124755"}],"version-history":[{"count":0,"href":"https:\/\/plazajuarez.mx\/historico\/wp-json\/wp\/v2\/posts\/124755\/revisions"}],"wp:attachment":[{"href":"https:\/\/plazajuarez.mx\/historico\/wp-json\/wp\/v2\/media?parent=124755"}],"wp:term":[{"taxonomy":"category","embeddable":true,"href":"https:\/\/plazajuarez.mx\/historico\/wp-json\/wp\/v2\/categories?post=124755"},{"taxonomy":"post_tag","embeddable":true,"href":"https:\/\/plazajuarez.mx\/historico\/wp-json\/wp\/v2\/tags?post=124755"}],"curies":[{"name":"wp","href":"https:\/\/api.w.org\/{rel}","templated":true}]}}