{"id":124754,"date":"2020-07-20T06:00:00","date_gmt":"2020-07-20T11:00:00","guid":{"rendered":"https:\/\/plazajuarez.mx\/?p=124754"},"modified":"2020-07-19T20:43:28","modified_gmt":"2020-07-20T01:43:28","slug":"los-rabanes-buscan-combatir-el-odio-en-redes","status":"publish","type":"post","link":"https:\/\/plazajuarez.mx\/historico\/los-rabanes-buscan-combatir-el-odio-en-redes\/","title":{"rendered":"Los Rabanes buscan combatir el odio en redes"},"content":{"rendered":"\n<p>El grupo paname\u00f1o de ska Los Rabanes le hace frente al odio generado en redes sociales con el tema \u201cUn mill\u00f3n de amigos\u201d en colaboraci\u00f3n con Los Pericos, que se trata de la primera canci\u00f3n del proyecto que naci\u00f3 entre bromas \u201cPandemia Records\u201d.<\/p>\n\n\n\n<p>&#8220;Hay que bajarle al &#8216;hate&#8217; (odio) y generar m\u00e1s amistad, traer el tema a la realidad que tenemos ahora, sobre todo con las redes sociales, fue lo que me llam\u00f3 la atenci\u00f3n, ac\u00e1 en Panam\u00e1 se forman unas batallas campales en Twitter, de por s\u00ed la situaci\u00f3n est\u00e1 dif\u00edcil&#8221;, explica el l\u00edder Emilio Regueira en una entrevista con Efe.<\/p>\n\n\n\n<p>El vocalista de Los Rabanes asegura que el tema, que originalmente cantaba Roberto Carlos, ha sido un \u201chimno al amor\u201d que lo ha acompa\u00f1ado a lo largo de su vida, y fue durante la cuarentena que tuvo un reencuentro con la canci\u00f3n que lo llev\u00f3 a retomarla.<\/p>\n\n\n\n<p>Desde entonces, Los Rabanes pusieron manos a la obra y una vez terminado el tema pensaron en invitar a Los Pericos.<\/p>\n","protected":false},"excerpt":{"rendered":"<p>El grupo paname\u00f1o de ska Los Rabanes le hace frente al odio generado en redes sociales con el tema \u201cUn mill\u00f3n de amigos\u201d en colaboraci\u00f3n con Los Pericos, que se trata de la primera canci\u00f3n del proyecto que naci\u00f3 entre bromas \u201cPandemia Records\u201d. &#8220;Hay que bajarle al &#8216;hate&#8217; (odio) y generar m\u00e1s amistad, traer el [&hellip;]<\/p>\n","protected":false},"author":80,"featured_media":0,"comment_status":"closed","ping_status":"open","sticky":false,"template":"","format":"standard","meta":{"footnotes":""},"categories":[38],"tags":[],"class_list":["post-124754","post","type-post","status-publish","format-standard","hentry","category-show"],"_links":{"self":[{"href":"https:\/\/plazajuarez.mx\/historico\/wp-json\/wp\/v2\/posts\/124754","targetHints":{"allow":["GET"]}}],"collection":[{"href":"https:\/\/plazajuarez.mx\/historico\/wp-json\/wp\/v2\/posts"}],"about":[{"href":"https:\/\/plazajuarez.mx\/historico\/wp-json\/wp\/v2\/types\/post"}],"author":[{"embeddable":true,"href":"https:\/\/plazajuarez.mx\/historico\/wp-json\/wp\/v2\/users\/80"}],"replies":[{"embeddable":true,"href":"https:\/\/plazajuarez.mx\/historico\/wp-json\/wp\/v2\/comments?post=124754"}],"version-history":[{"count":0,"href":"https:\/\/plazajuarez.mx\/historico\/wp-json\/wp\/v2\/posts\/124754\/revisions"}],"wp:attachment":[{"href":"https:\/\/plazajuarez.mx\/historico\/wp-json\/wp\/v2\/media?parent=124754"}],"wp:term":[{"taxonomy":"category","embeddable":true,"href":"https:\/\/plazajuarez.mx\/historico\/wp-json\/wp\/v2\/categories?post=124754"},{"taxonomy":"post_tag","embeddable":true,"href":"https:\/\/plazajuarez.mx\/historico\/wp-json\/wp\/v2\/tags?post=124754"}],"curies":[{"name":"wp","href":"https:\/\/api.w.org\/{rel}","templated":true}]}}