{"id":124559,"date":"2020-07-18T06:50:48","date_gmt":"2020-07-18T11:50:48","guid":{"rendered":"https:\/\/plazajuarez.mx\/?p=124559"},"modified":"2020-07-18T06:51:01","modified_gmt":"2020-07-18T11:51:01","slug":"concejos-municipales-sin-sesgo-politico","status":"publish","type":"post","link":"https:\/\/plazajuarez.mx\/historico\/concejos-municipales-sin-sesgo-politico\/","title":{"rendered":"Concejos Municipales, sin sesgo pol\u00edtico"},"content":{"rendered":"\n<ul class=\"wp-block-list\"><li><strong>Pide alcalde, Ismael Gadoth Tapia Ben\u00edtez, revisar bien para que no se caiga en ese supuesto&nbsp;<\/strong><\/li><\/ul>\n\n\n\n<ul class=\"wp-block-list\"><li><strong>De no cuidar ese aspecto, se podr\u00eda generar ingobernabilidad y\u00a0 alterar\u00eda la paz social que se mantiene en Tula y en Hidalgo.<\/strong><\/li><\/ul>\n\n\n\n<!--more-->\n\n\n\n<p><strong>Tula de Allende<\/strong>.- El alcalde, Gadoth Tapia Ben\u00edtez, conf\u00eda en que los perfiles de quienes van a formar parte de los Concejos Municipales se revisen bien y se evite por todos los medios se d\u00e9 un sesgo pol\u00edtico, ya que eso no ayudar\u00e1 a nadie y por el contrario podr\u00eda generar un tema de ingobernabilidad y sobre todo alterar la paz social que hasta hoy se mantiene en Tula y en Hidalgo.<\/p>\n\n\n\n<p>Puntualiz\u00f3 que es importante, \u201cya que no hay una regla o alguna preparaci\u00f3n definida para ser un buen servidor p\u00fablico, el gobierno y quienes representamos la autoridad municipal necesitamos m\u00e1s all\u00e1 de la capacidad t\u00e9cnica, administrativa, de liderazgo, presencia social, mucha voluntad para escuchar a la gente y atender los problemas\u201d.<\/p>\n\n\n\n<p>\u201cNo hay varita m\u00e1gica para resolver los problemas del medio ambiente, de la inseguridad, como lo se\u00f1alan incluso quienes me han acompa\u00f1ado en la administraci\u00f3n p\u00fablica y forman parte de este gobierno\u201d, advirti\u00f3.<\/p>\n\n\n\n<p>Considera que ser\u00eda un error dar oportunidad a quienes&nbsp; han estado probados en el servicio p\u00fablico y que han tenido la oportunidad de servir, pero sin resultados no han sido favorables.<\/p>\n\n\n\n<p>\u201cNo s\u00e9 si vaya a ser hombre o mujer los que vayan a estar en el Concejo, lo que s\u00ed s\u00e9 es que Tula quiere gente comprometida, gente con visi\u00f3n, gente que represente a la sociedad civil, de ah\u00ed que pueden ser acad\u00e9micos, empresarios, pol\u00edticos, comerciantes,&nbsp; estudiantes o amas de casa, pero que tengan la sensibilidad de escuchar y tratar de conciliar, no de imponer acciones o decisiones\u201d.<\/p>\n\n\n\n<p>Coment\u00f3 que de acuerdo a la ley los Concejos van a estar limitados, pero que en Tula hay gente con mucha val\u00eda, disposici\u00f3n y sensibilidad, toda vez que no van a representar a un partido pol\u00edtico, sino a representar los intereses del municipio y tendr\u00e1n que tomar decisiones de manera inmediata.<\/p>\n\n\n\n<p>Insisti\u00f3 en que hay capacidad, pero recomend\u00f3 que se revisen bien los perfiles y por todos los medios se evite se d\u00e9 un sesgo pol\u00edtico, ya que eso no ayudar\u00e1 a nadie.<\/p>\n\n\n\n<p>Tapia Ben\u00edtez manifest\u00f3 que a trav\u00e9s del Concejo quiz\u00e1s se pueden dar muchas mejoras ya que es una oportunidad, pero que los tulenses pueden tener la seguridad de que siempre puso su mayor esfuerzo y&nbsp; puso al servicio de la sociedad toda su capacidad.<\/p>\n\n\n\n<p>Agreg\u00f3 \u201cMe he dedicado de tiempo completo a esta responsabilidad, quiz\u00e1s hasta descuidando mi vida personal, pero siempre trat\u00e9 de resolver las cosas con disposici\u00f3n y voluntad, algunas salen, pero algunas otras por m\u00e1s disposici\u00f3n y voluntad que uno tenga se necesitan muchos otros factores\u201d.<\/p>\n\n\n\n<p>Asegur\u00f3 que no est\u00e1 conforme, porque hubiera deseado resolver muchos problemas, pero que en un an\u00e1lisis y evaluaci\u00f3n personal sabe que toc\u00f3 las puertas necesarias e hizo lo que estaba a su alcance, pero que desafortunadamente el tema econ\u00f3mico es un factor determinante, as\u00ed como lo legal.<\/p>\n\n\n\n<p>Finalmente, sentenci\u00f3 que como gobierno se le podr\u00e1n criticar muchas cosas, pero que con algo que puede estar tranquilo es que siempre trat\u00f3 de escuchar a la gente sin ning\u00fan sesgo pol\u00edtico, y que siempre les habl\u00f3 con la verdad, y que el mejor evaluador es la ciudadan\u00eda, pero que desempe\u00f1\u00f3 su labor como servidor p\u00fablico con honestidad y dedicaci\u00f3n, por lo que seguir\u00e1 trabajando desde la trinchera en que se encuentre.<\/p>\n","protected":false},"excerpt":{"rendered":"<p>Pide alcalde, Ismael Gadoth Tapia Ben\u00edtez, revisar bien para que no se caiga en ese supuesto&nbsp; De no cuidar ese aspecto, se podr\u00eda generar ingobernabilidad y\u00a0 alterar\u00eda la paz social que se mantiene en Tula y en Hidalgo.<\/p>\n","protected":false},"author":71,"featured_media":0,"comment_status":"closed","ping_status":"open","sticky":false,"template":"","format":"standard","meta":{"footnotes":""},"categories":[40],"tags":[],"class_list":["post-124559","post","type-post","status-publish","format-standard","hentry","category-region"],"_links":{"self":[{"href":"https:\/\/plazajuarez.mx\/historico\/wp-json\/wp\/v2\/posts\/124559","targetHints":{"allow":["GET"]}}],"collection":[{"href":"https:\/\/plazajuarez.mx\/historico\/wp-json\/wp\/v2\/posts"}],"about":[{"href":"https:\/\/plazajuarez.mx\/historico\/wp-json\/wp\/v2\/types\/post"}],"author":[{"embeddable":true,"href":"https:\/\/plazajuarez.mx\/historico\/wp-json\/wp\/v2\/users\/71"}],"replies":[{"embeddable":true,"href":"https:\/\/plazajuarez.mx\/historico\/wp-json\/wp\/v2\/comments?post=124559"}],"version-history":[{"count":0,"href":"https:\/\/plazajuarez.mx\/historico\/wp-json\/wp\/v2\/posts\/124559\/revisions"}],"wp:attachment":[{"href":"https:\/\/plazajuarez.mx\/historico\/wp-json\/wp\/v2\/media?parent=124559"}],"wp:term":[{"taxonomy":"category","embeddable":true,"href":"https:\/\/plazajuarez.mx\/historico\/wp-json\/wp\/v2\/categories?post=124559"},{"taxonomy":"post_tag","embeddable":true,"href":"https:\/\/plazajuarez.mx\/historico\/wp-json\/wp\/v2\/tags?post=124559"}],"curies":[{"name":"wp","href":"https:\/\/api.w.org\/{rel}","templated":true}]}}