{"id":124518,"date":"2020-07-18T06:38:49","date_gmt":"2020-07-18T11:38:49","guid":{"rendered":"https:\/\/plazajuarez.mx\/?p=124518"},"modified":"2020-07-18T06:39:04","modified_gmt":"2020-07-18T11:39:04","slug":"google-incluyo-tamales-y-pinatas-en-los-emojis","status":"publish","type":"post","link":"https:\/\/plazajuarez.mx\/historico\/google-incluyo-tamales-y-pinatas-en-los-emojis\/","title":{"rendered":"Google incluy\u00f3 tamales y pi\u00f1atas en los emojis"},"content":{"rendered":"\n<ul class=\"wp-block-list\"><li><strong>Tambi\u00e9n, se incorporan m\u00e1s tonalidades de piel y aumentar\u00e1n las representaciones diversas de g\u00e9nero.<\/strong><\/li><\/ul>\n\n\n\n<!--more-->\n\n\n\n<p>Coincidiendo con el d\u00eda mundial del Emoji, la tecnol\u00f3gica Google anunci\u00f3 este viernes que incorpor\u00e1 nuevos dibujos a su colecci\u00f3n, entre los que se incluye un pi\u00f1ata festiva y un tamal, que se suma al burrito y taco como las representaciones de la comida latinoamericana.<\/p>\n\n\n\n<p>Estos Emoji, junto a otros como el de una tetera, el s\u00edmbolo transg\u00e9nero o los dedos pellizcados al estilo italiano, tambi\u00e9n llegar\u00e1n dispositivos Apple despu\u00e9s de que el consorcio gestor de estos s\u00edmbolos universales, Unicode Consortium, publicara una lista de novedades que las tecnol\u00f3gicas pod\u00edan adoptar en sus sistemas operativos.<\/p>\n\n\n\n<p>En total, Google a\u00f1adir\u00e1 un centenar de iconos a su colecci\u00f3n de Emojis a partir de septiembre, que incluyen desde ar\u00e1ndanos, aceitunas o pan de pita hasta el dibujo de un coraz\u00f3n -el \u00f3rgano-.<\/p>\n\n\n\n<p>Asimismo, se incorporan m\u00e1s tonalidades de piel y aumentar\u00e1n las representaciones diversas de g\u00e9nero.<\/p>\n","protected":false},"excerpt":{"rendered":"<p>Tambi\u00e9n, se incorporan m\u00e1s tonalidades de piel y aumentar\u00e1n las representaciones diversas de g\u00e9nero.<\/p>\n","protected":false},"author":80,"featured_media":0,"comment_status":"closed","ping_status":"open","sticky":false,"template":"","format":"standard","meta":{"footnotes":""},"categories":[38],"tags":[],"class_list":["post-124518","post","type-post","status-publish","format-standard","hentry","category-show"],"_links":{"self":[{"href":"https:\/\/plazajuarez.mx\/historico\/wp-json\/wp\/v2\/posts\/124518","targetHints":{"allow":["GET"]}}],"collection":[{"href":"https:\/\/plazajuarez.mx\/historico\/wp-json\/wp\/v2\/posts"}],"about":[{"href":"https:\/\/plazajuarez.mx\/historico\/wp-json\/wp\/v2\/types\/post"}],"author":[{"embeddable":true,"href":"https:\/\/plazajuarez.mx\/historico\/wp-json\/wp\/v2\/users\/80"}],"replies":[{"embeddable":true,"href":"https:\/\/plazajuarez.mx\/historico\/wp-json\/wp\/v2\/comments?post=124518"}],"version-history":[{"count":0,"href":"https:\/\/plazajuarez.mx\/historico\/wp-json\/wp\/v2\/posts\/124518\/revisions"}],"wp:attachment":[{"href":"https:\/\/plazajuarez.mx\/historico\/wp-json\/wp\/v2\/media?parent=124518"}],"wp:term":[{"taxonomy":"category","embeddable":true,"href":"https:\/\/plazajuarez.mx\/historico\/wp-json\/wp\/v2\/categories?post=124518"},{"taxonomy":"post_tag","embeddable":true,"href":"https:\/\/plazajuarez.mx\/historico\/wp-json\/wp\/v2\/tags?post=124518"}],"curies":[{"name":"wp","href":"https:\/\/api.w.org\/{rel}","templated":true}]}}