{"id":124517,"date":"2020-07-18T06:39:56","date_gmt":"2020-07-18T11:39:56","guid":{"rendered":"https:\/\/plazajuarez.mx\/?p=124517"},"modified":"2020-07-18T06:40:09","modified_gmt":"2020-07-18T11:40:09","slug":"subestimacion-de-muertes-covid-en-latinoamerica","status":"publish","type":"post","link":"https:\/\/plazajuarez.mx\/historico\/subestimacion-de-muertes-covid-en-latinoamerica\/","title":{"rendered":"Subestimaci\u00f3n de muertes Covid en Latinoam\u00e9rica"},"content":{"rendered":"\n<ul class=\"wp-block-list\"><li><strong>Se intenta ocultar da\u00f1os socioecon\u00f3micos<\/strong><\/li><\/ul>\n\n\n\n<!--more-->\n\n\n\n<p>Necesaria una cifra real para establecer las pol\u00edticas p\u00fablicas adecuadas y atajar los da\u00f1os de la pandemia.<\/p>\n\n\n\n<p>EFE.- Am\u00e9rica Latina subestima de forma generalizada las muertes por Cdovid-19, lo que no es s\u00f3lo una &#8220;curiosidad estad\u00edstica&#8221;, sino un hecho que oculta &#8220;las implicaciones sociales, econ\u00f3micas e incluso pol\u00edticas&#8221; que la pandemia tendr\u00e1 en la regi\u00f3n.<\/p>\n\n\n\n<p>As\u00ed lo afirm\u00f3 en una entrevista el director regional para Am\u00e9rica Latina y el Caribe del Programa de las Naciones Unidas para el Desarrollo (PNUD), Luis L\u00f3pez-Calva, quien ubica el subregistro de la mortalidad en la regi\u00f3n entre un 25 % y un 80 %.<\/p>\n\n\n\n<p>Para L\u00f3pez-Calva actuar para que esa cifra se aproxime a la situaci\u00f3n real es importante para establecer las pol\u00edticas p\u00fablicas adecuadas y atajar los da\u00f1os de una pandemia que afecta a la regi\u00f3n &#8220;de una forma distinta que al resto&#8221; del mundo.<\/p>\n\n\n\n<p>De hecho, el golpe del virus va a causar un &#8220;choque demogr\u00e1fico&#8221; en Latinoam\u00e9rica y conocer el impacto que ya est\u00e1 causando en la destrucci\u00f3n de &#8220;capital humano&#8221; permitir\u00e1 abordar la crisis con mejores herramientas.<\/p>\n\n\n\n<p>&#8211; Pregunta: \u00bfQu\u00e9 significa exactamente que exista una subestimaci\u00f3n de muertes por Covid en Am\u00e9rica Latina?<\/p>\n\n\n\n<p>&#8211; Respuesta: Es importante tener en cuenta varias cosas de corto plazo, y otras de mediano y largo plazo. En el corto plazo porque nos permite medir mejor la magnitud del problema y, si tenemos datos geogr\u00e1ficos, ver d\u00f3nde est\u00e1n los puntos de mayor concentraci\u00f3n de la enfermedad para poder establecer pol\u00edticas concretas.<\/p>\n","protected":false},"excerpt":{"rendered":"<p>Se intenta ocultar da\u00f1os socioecon\u00f3micos<\/p>\n","protected":false},"author":80,"featured_media":0,"comment_status":"closed","ping_status":"open","sticky":false,"template":"","format":"standard","meta":{"footnotes":""},"categories":[31],"tags":[],"class_list":["post-124517","post","type-post","status-publish","format-standard","hentry","category-orbe"],"_links":{"self":[{"href":"https:\/\/plazajuarez.mx\/historico\/wp-json\/wp\/v2\/posts\/124517","targetHints":{"allow":["GET"]}}],"collection":[{"href":"https:\/\/plazajuarez.mx\/historico\/wp-json\/wp\/v2\/posts"}],"about":[{"href":"https:\/\/plazajuarez.mx\/historico\/wp-json\/wp\/v2\/types\/post"}],"author":[{"embeddable":true,"href":"https:\/\/plazajuarez.mx\/historico\/wp-json\/wp\/v2\/users\/80"}],"replies":[{"embeddable":true,"href":"https:\/\/plazajuarez.mx\/historico\/wp-json\/wp\/v2\/comments?post=124517"}],"version-history":[{"count":0,"href":"https:\/\/plazajuarez.mx\/historico\/wp-json\/wp\/v2\/posts\/124517\/revisions"}],"wp:attachment":[{"href":"https:\/\/plazajuarez.mx\/historico\/wp-json\/wp\/v2\/media?parent=124517"}],"wp:term":[{"taxonomy":"category","embeddable":true,"href":"https:\/\/plazajuarez.mx\/historico\/wp-json\/wp\/v2\/categories?post=124517"},{"taxonomy":"post_tag","embeddable":true,"href":"https:\/\/plazajuarez.mx\/historico\/wp-json\/wp\/v2\/tags?post=124517"}],"curies":[{"name":"wp","href":"https:\/\/api.w.org\/{rel}","templated":true}]}}