{"id":124516,"date":"2020-07-18T06:41:17","date_gmt":"2020-07-18T11:41:17","guid":{"rendered":"https:\/\/plazajuarez.mx\/?p=124516"},"modified":"2020-07-18T06:41:23","modified_gmt":"2020-07-18T11:41:23","slug":"un-brasileno-esperanza-de-cura-del-sida","status":"publish","type":"post","link":"https:\/\/plazajuarez.mx\/historico\/un-brasileno-esperanza-de-cura-del-sida\/","title":{"rendered":"Un brasile\u00f1o, esperanza de cura del SIDA"},"content":{"rendered":"\n<ul class=\"wp-block-list\"><li><strong>Podr\u00eda ser la primera persona en haber superado al virus usando \u00fanicamente medicaci\u00f3n<\/strong><\/li><\/ul>\n\n\n\n<!--more-->\n\n\n\n<p>Su cura se lograr\u00eda sin cambiar su m\u00e9dula, sin alterar su sangre<\/p>\n\n\n\n<p>EFE.- En noviembre de 2012, el &#8220;Paciente de Sao Paulo&#8221; fue diagnosticado con el VIH. La noticia fue un duro golpe, pero siete a\u00f1os despu\u00e9s su caso es un rayo de esperanza en la b\u00fasqueda de la cura del sida: este brasile\u00f1o podr\u00eda ser la primera persona en haber superado al virus usando \u00fanicamente medicaci\u00f3n.<\/p>\n\n\n\n<p>&#8220;Soy el primer paciente del mundo en ser tratado y posiblemente curado con tan solo medicamentos antirretrovirales, sin cambiar mi m\u00e9dula, sin alterar mi sangre. Eso para m\u00ed es muy gratificante&#8221;, cuenta en entrevista el &#8220;Paciente de Sao Paulo&#8221;, como ha sido bautizado y quien pidi\u00f3 mantener su identidad bajo anonimato.<\/p>\n\n\n\n<p>El brasile\u00f1o, de 36 a\u00f1os, quien fue diagnosticado con VIH el 12 de noviembre de 2012, est\u00e1 desde hace casi 18 meses &#8220;libre&#8221; del virus gracias a una investigaci\u00f3n conducida por cient\u00edficos de la Universidad Federal de Sao Paulo (Unifesp).<\/p>\n\n\n\n<p>En t\u00e9rminos t\u00e9cnicos, todav\u00eda no es posible hablar de una cura porque a\u00fan no han transcurrido dos a\u00f1os desde la eliminaci\u00f3n del virus de su cuerpo, por lo que se considera que se encuentra actualmente en un &#8220;protocolo de cura funcional&#8221;.<\/p>\n\n\n\n<p>El &#8220;Paciente de Sao Paulo&#8221; explica que &#8220;el 30 de marzo de 2019 fue el \u00faltimo d\u00eda con medicaci\u00f3n&#8221; y, desde entonces, el VIH (virus de la inmunodeficiencia humana) sigue sin haberse detectado tanto en su ADN como en su ARN (\u00e1cido ribonucleico), gracias a un tratamiento a base de antirretrovirales y nicotinamida.<\/p>\n\n\n\n<p>En las primeras semanas, &#8220;segu\u00eda esperando el d\u00eda que me iban a decir que el virus hab\u00eda vuelto y habr\u00eda que reiniciar la medicaci\u00f3n, pero hasta ahora no ha vuelto y aqu\u00ed estoy&#8221;, celebra.<\/p>\n\n\n\n<p>Los prometedores resultados suponen un expresivo avance tanto en el tratamiento del VIH como en la b\u00fasqueda de su cura, ya que hasta hoy el pat\u00f3geno s\u00f3lo fue eliminado en tan solo dos pacientes -el de Londres y el de Berl\u00edn-, ambos mediante un arriesgado y agresivo trasplante de m\u00e9dula.<\/p>\n","protected":false},"excerpt":{"rendered":"<p>Podr\u00eda ser la primera persona en haber superado al virus usando \u00fanicamente medicaci\u00f3n<\/p>\n","protected":false},"author":80,"featured_media":0,"comment_status":"closed","ping_status":"open","sticky":false,"template":"","format":"standard","meta":{"footnotes":""},"categories":[1],"tags":[],"class_list":["post-124516","post","type-post","status-publish","format-standard","hentry","category-uncategorized"],"_links":{"self":[{"href":"https:\/\/plazajuarez.mx\/historico\/wp-json\/wp\/v2\/posts\/124516","targetHints":{"allow":["GET"]}}],"collection":[{"href":"https:\/\/plazajuarez.mx\/historico\/wp-json\/wp\/v2\/posts"}],"about":[{"href":"https:\/\/plazajuarez.mx\/historico\/wp-json\/wp\/v2\/types\/post"}],"author":[{"embeddable":true,"href":"https:\/\/plazajuarez.mx\/historico\/wp-json\/wp\/v2\/users\/80"}],"replies":[{"embeddable":true,"href":"https:\/\/plazajuarez.mx\/historico\/wp-json\/wp\/v2\/comments?post=124516"}],"version-history":[{"count":0,"href":"https:\/\/plazajuarez.mx\/historico\/wp-json\/wp\/v2\/posts\/124516\/revisions"}],"wp:attachment":[{"href":"https:\/\/plazajuarez.mx\/historico\/wp-json\/wp\/v2\/media?parent=124516"}],"wp:term":[{"taxonomy":"category","embeddable":true,"href":"https:\/\/plazajuarez.mx\/historico\/wp-json\/wp\/v2\/categories?post=124516"},{"taxonomy":"post_tag","embeddable":true,"href":"https:\/\/plazajuarez.mx\/historico\/wp-json\/wp\/v2\/tags?post=124516"}],"curies":[{"name":"wp","href":"https:\/\/api.w.org\/{rel}","templated":true}]}}