{"id":124515,"date":"2020-07-18T06:37:05","date_gmt":"2020-07-18T11:37:05","guid":{"rendered":"https:\/\/plazajuarez.mx\/?p=124515"},"modified":"2020-07-18T06:37:18","modified_gmt":"2020-07-18T11:37:18","slug":"el-legado-de-selena-quintanilla-tendra-un-nuevo-homenaje","status":"publish","type":"post","link":"https:\/\/plazajuarez.mx\/historico\/el-legado-de-selena-quintanilla-tendra-un-nuevo-homenaje\/","title":{"rendered":"El legado de Selena Quintanilla, tendr\u00e1 un nuevo homenaje"},"content":{"rendered":"\n<ul class=\"wp-block-list\"><li><strong>Seg\u00fan Demi Lovato, la m\u00fasica de Selena &#8220;fue integrada&#8221; como parte de su infancia y &#8220;siempre se recuerda&#8221; en su hogar<\/strong><\/li><\/ul>\n\n\n\n<!--more-->\n\n\n\n<p>Demi Lovato, Karol G y Becky G recordaron la influencia que Selena Quintanilla ha tenido en sus carreras durante un programa especial estrenado este viernes por Apple Music para celebrar el 25 aniversario del lanzamiento de &#8220;Dreaming of You&#8221;.<\/p>\n\n\n\n<p>Hoy se cumplen 25 a\u00f1os de la publicaci\u00f3n del quinto y \u00faltimo disco de Selena, que lleg\u00f3 tres meses despu\u00e9s de la tr\u00e1gica muerte de la llamada reina del Tex Mex, quien a d\u00eda de hoy se ha convertido en una leyenda musical muy importante para la cultura latina en Estados Unidos.<\/p>\n\n\n\n<p>&#8220;Selena me influy\u00f3 como artista y me hizo querer abrazar mis ra\u00edces hispanas, as\u00ed que aprend\u00ed a cantar en espa\u00f1ol&#8221;, indic\u00f3 Demi Lovato en el especial de Apple presentado por Sandra Pe\u00f1a.<\/p>\n\n\n\n<p>Seg\u00fan la artista, la m\u00fasica de Selena &#8220;fue integrada&#8221; como parte de su infancia y &#8220;siempre se recuerda&#8221; en su hogar.<\/p>\n\n\n\n<p>&#8220;Cuando recuerdo la canci\u00f3n &#8216;Dreaming of You&#8217; pienso en la pel\u00edcula, la escena en la que sus seguidores se despiden de ella. Es algo que me destruye completamente&#8221;, a\u00f1adi\u00f3.<\/p>\n\n\n\n<p>Tambi\u00e9n Becky G, una de las representantes actuales de la comunidad latina nacida en Estados Unidos, dedic\u00f3 palabras a Quintanilla.<\/p>\n\n\n\n<p>&#8220;Este \u00e1lbum signific\u00f3 y a\u00fan significa much\u00edsimo para m\u00ed, y estoy segura de que para muchas otras personas tambi\u00e9n. Significa tanto porque fue un \u00e1lbum en &#8216;spanglish'&#8221;, asegur\u00f3 la autora de &#8220;Mala Santa&#8221; sobre una artista que &#8220;fue muy grande&#8221; en su ni\u00f1ez.<\/p>\n\n\n\n<p>&#8220;Hay videos de m\u00ed al a\u00f1o o dos a\u00f1os de edad en los que salgo bailando canciones de Selena -record\u00f3-. Por supuesto, cuando crec\u00ed fue cuando realmente empec\u00e9 a identificarme con ella, no solamente a trav\u00e9s de su m\u00fasica, tambi\u00e9n de su historia&#8221;.<\/p>\n\n\n\n<p>Por su parte, Karol G dijo que escuch\u00f3 por primera vez a Selena con 11 a\u00f1os, cuando ya so\u00f1aba con ser cantante.<\/p>\n\n\n\n<p>&#8220;Mis hermanas y yo nos obsesionamos con su voz, su m\u00fasica y su estilo. Y s\u00ed, fue superimpresionante para m\u00ed porque era una ni\u00f1a, ten\u00eda 11 a\u00f1os, y ve\u00eda a una persona que hab\u00eda comenzando a esa misma edad y que se hab\u00eda convertido en una superestrella. Me obsesion\u00e9 con Selena desde ese momento&#8221;, afirm\u00f3.<\/p>\n\n\n\n<p>Los familiares de Selena tambi\u00e9n recordaron el \u00e9xito de la cantante durante el programa<\/p>\n\n\n\n<p>&#8220;Lo que conecta a las personas con el \u00e1lbum &#8216;Dreaming of You&#8217; es que representaba a Selena como una mexicana-americana con un sue\u00f1o. Todos tenemos esos sue\u00f1os. Tiene que ver con el hecho de que ella era una persona muy hermosa por dentro y por fuera. Era real. Era modesta&#8221;, sostuvo su hermana Suzette Quintanilla.<\/p>\n\n\n\n<p>El padre, Abraham, afirm\u00f3 que 25 a\u00f1os despu\u00e9s sigue siendo un padre orgulloso: &#8220;El impacto de Selena es verdaderamente incre\u00edble. 25 a\u00f1os despu\u00e9s, y no la han olvidado. Su m\u00fasica contin\u00faa creciendo y creciendo, y nos sentimos orgullosos como familia&#8221;, dijo.<\/p>\n","protected":false},"excerpt":{"rendered":"<p>Seg\u00fan Demi Lovato, la m\u00fasica de Selena &#8220;fue integrada&#8221; como parte de su infancia y &#8220;siempre se recuerda&#8221; en su hogar<\/p>\n","protected":false},"author":80,"featured_media":0,"comment_status":"closed","ping_status":"open","sticky":false,"template":"","format":"standard","meta":{"footnotes":""},"categories":[38],"tags":[],"class_list":["post-124515","post","type-post","status-publish","format-standard","hentry","category-show"],"_links":{"self":[{"href":"https:\/\/plazajuarez.mx\/historico\/wp-json\/wp\/v2\/posts\/124515","targetHints":{"allow":["GET"]}}],"collection":[{"href":"https:\/\/plazajuarez.mx\/historico\/wp-json\/wp\/v2\/posts"}],"about":[{"href":"https:\/\/plazajuarez.mx\/historico\/wp-json\/wp\/v2\/types\/post"}],"author":[{"embeddable":true,"href":"https:\/\/plazajuarez.mx\/historico\/wp-json\/wp\/v2\/users\/80"}],"replies":[{"embeddable":true,"href":"https:\/\/plazajuarez.mx\/historico\/wp-json\/wp\/v2\/comments?post=124515"}],"version-history":[{"count":0,"href":"https:\/\/plazajuarez.mx\/historico\/wp-json\/wp\/v2\/posts\/124515\/revisions"}],"wp:attachment":[{"href":"https:\/\/plazajuarez.mx\/historico\/wp-json\/wp\/v2\/media?parent=124515"}],"wp:term":[{"taxonomy":"category","embeddable":true,"href":"https:\/\/plazajuarez.mx\/historico\/wp-json\/wp\/v2\/categories?post=124515"},{"taxonomy":"post_tag","embeddable":true,"href":"https:\/\/plazajuarez.mx\/historico\/wp-json\/wp\/v2\/tags?post=124515"}],"curies":[{"name":"wp","href":"https:\/\/api.w.org\/{rel}","templated":true}]}}