{"id":124514,"date":"2020-07-18T06:41:56","date_gmt":"2020-07-18T11:41:56","guid":{"rendered":"https:\/\/plazajuarez.mx\/?p=124514"},"modified":"2020-07-18T06:42:12","modified_gmt":"2020-07-18T11:42:12","slug":"135-millones-de-casos-de-la-covid-19-pero-la-curva-en-america-se-estabiliza","status":"publish","type":"post","link":"https:\/\/plazajuarez.mx\/historico\/135-millones-de-casos-de-la-covid-19-pero-la-curva-en-america-se-estabiliza\/","title":{"rendered":"13,5 millones de casos de la COVID-19, pero la curva en Am\u00e9rica se estabiliza"},"content":{"rendered":"\n<ul class=\"wp-block-list\"><li><strong>Los fallecidos por la pandemia en el mundo ascienden a 584.940<\/strong><\/li><\/ul>\n\n\n\n<!--more-->\n\n\n\n<p>La mayor\u00eda de las muertes se han dado en Am\u00e9rica (297.000) y Europa (205.000).<\/p>\n\n\n\n<p>Los casos globales de la Covid llegaron hoy a 13,5 millones, aunque en la \u00faltima semana los nuevos contagios diarios en Am\u00e9rica, el continente m\u00e1s afectado, se han estabilizado, mientras la curva sigue en ascenso en zonas como \u00c1frica o el sur de Asia, seg\u00fan los datos de la Organizaci\u00f3n Mundial de la Salud (OMS).<\/p>\n\n\n\n<p>Los fallecidos por la pandemia en el planeta ascienden hoy a 584.940, en su mayor\u00eda registrados en Am\u00e9rica (297.000 muertes) y Europa (205.000).<\/p>\n\n\n\n<p>Los nuevos casos diarios globales hab\u00edan bajado en pasadas jornadas, pero en las \u00faltimas veinticuatro horas volvieron a rozar el r\u00e9cord de 230.000&nbsp; registrado el pasado fin de semana.<\/p>\n\n\n\n<p>Por pa\u00edses, Estados Unidos y Brasil se sit\u00faan como los m\u00e1s afectados, seguidos de la India, que hoy super\u00f3 la barrera del mill\u00f3n de contagios, y de Rusia, con m\u00e1s de 750.000.<\/p>\n\n\n\n<p>Les siguen por este orden Per\u00fa, Chile, M\u00e9xico y Sud\u00e1frica, todos ellos con m\u00e1s de 300.000 infecciones en sus territorios.<\/p>\n\n\n\n<p>Los datos de las autoridades sanitarias nacionales indican que 8,3 millones de afectados, alrededor del 60 por ciento del total de contagiados, se han recuperado ya de la enfermedad. EFE<\/p>\n","protected":false},"excerpt":{"rendered":"<p>Los fallecidos por la pandemia en el mundo ascienden a 584.940<\/p>\n","protected":false},"author":80,"featured_media":0,"comment_status":"closed","ping_status":"open","sticky":false,"template":"","format":"standard","meta":{"footnotes":""},"categories":[31],"tags":[],"class_list":["post-124514","post","type-post","status-publish","format-standard","hentry","category-orbe"],"_links":{"self":[{"href":"https:\/\/plazajuarez.mx\/historico\/wp-json\/wp\/v2\/posts\/124514","targetHints":{"allow":["GET"]}}],"collection":[{"href":"https:\/\/plazajuarez.mx\/historico\/wp-json\/wp\/v2\/posts"}],"about":[{"href":"https:\/\/plazajuarez.mx\/historico\/wp-json\/wp\/v2\/types\/post"}],"author":[{"embeddable":true,"href":"https:\/\/plazajuarez.mx\/historico\/wp-json\/wp\/v2\/users\/80"}],"replies":[{"embeddable":true,"href":"https:\/\/plazajuarez.mx\/historico\/wp-json\/wp\/v2\/comments?post=124514"}],"version-history":[{"count":0,"href":"https:\/\/plazajuarez.mx\/historico\/wp-json\/wp\/v2\/posts\/124514\/revisions"}],"wp:attachment":[{"href":"https:\/\/plazajuarez.mx\/historico\/wp-json\/wp\/v2\/media?parent=124514"}],"wp:term":[{"taxonomy":"category","embeddable":true,"href":"https:\/\/plazajuarez.mx\/historico\/wp-json\/wp\/v2\/categories?post=124514"},{"taxonomy":"post_tag","embeddable":true,"href":"https:\/\/plazajuarez.mx\/historico\/wp-json\/wp\/v2\/tags?post=124514"}],"curies":[{"name":"wp","href":"https:\/\/api.w.org\/{rel}","templated":true}]}}