{"id":124493,"date":"2020-07-18T06:25:25","date_gmt":"2020-07-18T11:25:25","guid":{"rendered":"https:\/\/plazajuarez.mx\/?p=124493"},"modified":"2020-07-18T06:25:40","modified_gmt":"2020-07-18T11:25:40","slug":"surge-asociacion-civil-para-el-fortalecimiento-de-la-cultura","status":"publish","type":"post","link":"https:\/\/plazajuarez.mx\/historico\/surge-asociacion-civil-para-el-fortalecimiento-de-la-cultura\/","title":{"rendered":"Surge asociaci\u00f3n civil para el fortalecimiento de la cultura"},"content":{"rendered":"\n<ul class=\"wp-block-list\"><li><strong>Una vez al a\u00f1o, se otorgar\u00e1 la medalla al m\u00e9rito Le\u00f3n Portilla\u00a0<\/strong><\/li><\/ul>\n\n\n\n<!--more-->\n\n\n\n<p>En medio de la pandemia y la problem\u00e1tica de salud por el Covid-19, se llev\u00f3 a cabo la constituci\u00f3n oficial de la Asociaci\u00f3n Civil Miguel Le\u00f3n Portilla A.C; en honor al historiador que trabaj\u00f3 en el rescate de la Obra de Fray Bernardino de Sahag\u00fan, lo cual abri\u00f3 las puertas al estado de Hidalgo para posicionar este importante acervo ante la UNESCO en 2015.<\/p>\n\n\n\n<p>En la firma del acta constitutiva de la Asociaci\u00f3n Civil Miguel Le\u00f3n Portilla, estuvieron como testigos, el secretario de Cultura, el titular de Desarrollo Social, Daniel Jim\u00e9nez Rojo y el secretario de Cultura Olaf Hernandez Sanchez, en donde dio a conocer que entre las metas de la AC, se encuentra el otorgamiento, una vez al a\u00f1o, de la medalla al m\u00e9rito Le\u00f3n Portilla.&nbsp;<\/p>\n\n\n\n<p>Asimismo, el titular de la secretar\u00eda de Cultura, present\u00f3 a Ludmila Holkova, quien fungira como Presidenta de la AC,&nbsp; Ricardo Delgadillo como tesorero, Arturo Castel\u00e1n Zacatenco, como secretario, Claudia Islas y C\u00e9sar Aldama, y calific\u00f3 a Ascensi\u00f3n Hern\u00e1ndez Trivi\u00f1o, viuda del historiador Miguel Le\u00f3n Portilla, como una gran aliada de la Asociaci\u00f3n.<\/p>\n","protected":false},"excerpt":{"rendered":"<p>Una vez al a\u00f1o, se otorgar\u00e1 la medalla al m\u00e9rito Le\u00f3n Portilla\u00a0<\/p>\n","protected":false},"author":93,"featured_media":0,"comment_status":"closed","ping_status":"open","sticky":false,"template":"","format":"standard","meta":{"footnotes":""},"categories":[59],"tags":[],"class_list":["post-124493","post","type-post","status-publish","format-standard","hentry","category-general"],"_links":{"self":[{"href":"https:\/\/plazajuarez.mx\/historico\/wp-json\/wp\/v2\/posts\/124493","targetHints":{"allow":["GET"]}}],"collection":[{"href":"https:\/\/plazajuarez.mx\/historico\/wp-json\/wp\/v2\/posts"}],"about":[{"href":"https:\/\/plazajuarez.mx\/historico\/wp-json\/wp\/v2\/types\/post"}],"author":[{"embeddable":true,"href":"https:\/\/plazajuarez.mx\/historico\/wp-json\/wp\/v2\/users\/93"}],"replies":[{"embeddable":true,"href":"https:\/\/plazajuarez.mx\/historico\/wp-json\/wp\/v2\/comments?post=124493"}],"version-history":[{"count":0,"href":"https:\/\/plazajuarez.mx\/historico\/wp-json\/wp\/v2\/posts\/124493\/revisions"}],"wp:attachment":[{"href":"https:\/\/plazajuarez.mx\/historico\/wp-json\/wp\/v2\/media?parent=124493"}],"wp:term":[{"taxonomy":"category","embeddable":true,"href":"https:\/\/plazajuarez.mx\/historico\/wp-json\/wp\/v2\/categories?post=124493"},{"taxonomy":"post_tag","embeddable":true,"href":"https:\/\/plazajuarez.mx\/historico\/wp-json\/wp\/v2\/tags?post=124493"}],"curies":[{"name":"wp","href":"https:\/\/api.w.org\/{rel}","templated":true}]}}