{"id":124491,"date":"2020-07-18T06:27:03","date_gmt":"2020-07-18T11:27:03","guid":{"rendered":"https:\/\/plazajuarez.mx\/?p=124491"},"modified":"2020-07-18T06:27:18","modified_gmt":"2020-07-18T11:27:18","slug":"cierra-infonavit-sus-oficinas-en-pachuca-por-covid-19","status":"publish","type":"post","link":"https:\/\/plazajuarez.mx\/historico\/cierra-infonavit-sus-oficinas-en-pachuca-por-covid-19\/","title":{"rendered":"Cierra Infonavit sus oficinas en Pachuca por Covid-19"},"content":{"rendered":"\n<ul class=\"wp-block-list\"><li><strong>Hasta el 21 de julio; por protocolos de limpieza<\/strong><\/li><\/ul>\n\n\n\n<!--more-->\n\n\n\n<p>Por medio de carteles informativos dirigidos a usuarios, el Instituto Nacional del Fondo de Vivienda para los Trabajadores (Infonavit), dio a conocer que mantendr\u00e1 cerradas sus oficinas hasta el pr\u00f3ximo martes 21 de julio, por protocolo de mantenimiento y limpieza por la pandemia del Covid-19.&nbsp;&nbsp;<\/p>\n\n\n\n<p>Como se lee en el cartel de la imagen \u201cCon motivo de la contingencia sanitaria del COVID-19, el Centro de servicio Infonavit (Cesi) Pachuca, no podr\u00e1 atender los d\u00edas viernes 17 y lunes 20, por lo que el servicio de atenci\u00f3n se reanudar\u00e1 el martes 21 de julio en un horario de 8.30 a 13:00 horas\u201d.&nbsp;&nbsp;<\/p>\n\n\n\n<p>Sin embargo, inform\u00f3 que ante el cierre de sus oficinas en Pachuca, diversos tr\u00e1mites se pueden realizar desde los portales de internet <a href=\"http:\/\/www.infonavit.org.mx\">www.Infonavit.org.mx<\/a> y www.micuenta.infonavit.org.mx o a traves del tel\u00e9fono&nbsp; 800 008 3900, y as\u00ed como para mayores informes sobre los d\u00edas que la sede en Pachuca volver\u00e1 a cerrar por la contingencia.&nbsp;&nbsp;&nbsp;<br>Adem\u00e1s, ante la pandemia del Covid-19, el Infonavit dio a conocer que tiene el objetivo de continuar apoyando a las y los trabajadores a conservar su patrimonio y a tener solvencia financiera durante la emergencia sanitaria por el Covid-19, ya que los acreditados que perdieron su empleo o sufrieron una reducci\u00f3n salarial, y a\u00fan no han recibido los apoyos, puedan solicitar medidas de ayuda ingresando a <a href=\"http:\/\/www.micuenta.infonavit.org.mx\">www.micuenta.infonavit.org.mx<\/a>.<\/p>\n","protected":false},"excerpt":{"rendered":"<p>Hasta el 21 de julio; por protocolos de limpieza<\/p>\n","protected":false},"author":93,"featured_media":0,"comment_status":"closed","ping_status":"open","sticky":false,"template":"","format":"standard","meta":{"footnotes":""},"categories":[59],"tags":[],"class_list":["post-124491","post","type-post","status-publish","format-standard","hentry","category-general"],"_links":{"self":[{"href":"https:\/\/plazajuarez.mx\/historico\/wp-json\/wp\/v2\/posts\/124491","targetHints":{"allow":["GET"]}}],"collection":[{"href":"https:\/\/plazajuarez.mx\/historico\/wp-json\/wp\/v2\/posts"}],"about":[{"href":"https:\/\/plazajuarez.mx\/historico\/wp-json\/wp\/v2\/types\/post"}],"author":[{"embeddable":true,"href":"https:\/\/plazajuarez.mx\/historico\/wp-json\/wp\/v2\/users\/93"}],"replies":[{"embeddable":true,"href":"https:\/\/plazajuarez.mx\/historico\/wp-json\/wp\/v2\/comments?post=124491"}],"version-history":[{"count":0,"href":"https:\/\/plazajuarez.mx\/historico\/wp-json\/wp\/v2\/posts\/124491\/revisions"}],"wp:attachment":[{"href":"https:\/\/plazajuarez.mx\/historico\/wp-json\/wp\/v2\/media?parent=124491"}],"wp:term":[{"taxonomy":"category","embeddable":true,"href":"https:\/\/plazajuarez.mx\/historico\/wp-json\/wp\/v2\/categories?post=124491"},{"taxonomy":"post_tag","embeddable":true,"href":"https:\/\/plazajuarez.mx\/historico\/wp-json\/wp\/v2\/tags?post=124491"}],"curies":[{"name":"wp","href":"https:\/\/api.w.org\/{rel}","templated":true}]}}