{"id":124490,"date":"2020-07-18T06:28:08","date_gmt":"2020-07-18T11:28:08","guid":{"rendered":"https:\/\/plazajuarez.mx\/?p=124490"},"modified":"2020-07-18T06:28:19","modified_gmt":"2020-07-18T11:28:19","slug":"si-las-cosas-siguen-asi-quien-mas-puede-perder-es-la-ciudadania","status":"publish","type":"post","link":"https:\/\/plazajuarez.mx\/historico\/si-las-cosas-siguen-asi-quien-mas-puede-perder-es-la-ciudadania\/","title":{"rendered":"\u201cSi las cosas siguen as\u00ed, quien m\u00e1s puede perder es la ciudadan\u00eda\u201d"},"content":{"rendered":"\n<ul class=\"wp-block-list\"><li><strong>Carlos V\u00e1zquez afirm\u00f3 que la Legislatura local reacciona tarde<\/strong><\/li><\/ul>\n\n\n\n<!--more-->\n\n\n\n<p>\u201cSi las cosas siguen as\u00ed, quien m\u00e1s puede perder es la ciudadan\u00eda en general al no tener certidumbre\u201d,&nbsp; puntualiz\u00f3 el l\u00edder estatal del partido local M\u00e1s por Hidalgo, Carlos V\u00e1zquez Res\u00e9ndiz.<\/p>\n\n\n\n<p>En entrevista para el programa Al Aire, del Sistema de Radio y Televisi\u00f3n de Hidalgo, se\u00f1al\u00f3 que hasta el momento, no tiene conocimiento de que alg\u00fan instituto pol\u00edtico haya sido invitado para opinar respecto a la integraci\u00f3n de los Concejos Municipales.<\/p>\n\n\n\n<p>Dijo \u201cNo ha habido un llamado como tal, tenemos una buena comunicaci\u00f3n todos los partidos, porque tenemos un fin en com\u00fan que es que le vaya bien a Hidalgo, es una meta que todos compartimos\u201d.<\/p>\n\n\n\n<p>En ese sentido, se\u00f1al\u00f3 que los institutos pol\u00edticos podr\u00edan contribuir, \u201clograr la pl\u00e1tica y hacer algunas adecuaciones, estamos en la opci\u00f3n de colaborar, pero hasta donde s\u00e9 no hay invitaci\u00f3n al respecto\u201d.<\/p>\n\n\n\n<p>V\u00e1zquez Res\u00e9ndiz sentenci\u00f3 que con la situaci\u00f3n de la integraci\u00f3n de los Concejos Municipales ante la suspensi\u00f3n temporal del proceso electoral, podr\u00eda haber m\u00e1s perdedores que ganadores \u201ces la ciudadan\u00eda,&nbsp; al no tener claridad de los procesos para nombrar un concejo, lamentablemente estamos ante una legislatura reactiva, que lamentablemente reacciona tarde, si bien la ley no estaba clara, se debi\u00f3 de haber previsto esto desde hacer tres meses, pero no ha existido algo as\u00ed\u201d.<\/p>\n\n\n\n<p>Finalmente, reiter\u00f3 \u201cMas que ganones, habr\u00e1 alguien que podr\u00e1 ganar con&nbsp; su mayor\u00eda en el congreso, sin embargo si las cosas siguen as\u00ed, quien m\u00e1s puede perder es la ciudadan\u00eda en general al no tener certidumbre de lo que se tiene que realizar\u201d.<\/p>\n","protected":false},"excerpt":{"rendered":"<p>Carlos V\u00e1zquez afirm\u00f3 que la Legislatura local reacciona tarde<\/p>\n","protected":false},"author":73,"featured_media":0,"comment_status":"closed","ping_status":"open","sticky":false,"template":"","format":"standard","meta":{"footnotes":""},"categories":[59],"tags":[],"class_list":["post-124490","post","type-post","status-publish","format-standard","hentry","category-general"],"_links":{"self":[{"href":"https:\/\/plazajuarez.mx\/historico\/wp-json\/wp\/v2\/posts\/124490","targetHints":{"allow":["GET"]}}],"collection":[{"href":"https:\/\/plazajuarez.mx\/historico\/wp-json\/wp\/v2\/posts"}],"about":[{"href":"https:\/\/plazajuarez.mx\/historico\/wp-json\/wp\/v2\/types\/post"}],"author":[{"embeddable":true,"href":"https:\/\/plazajuarez.mx\/historico\/wp-json\/wp\/v2\/users\/73"}],"replies":[{"embeddable":true,"href":"https:\/\/plazajuarez.mx\/historico\/wp-json\/wp\/v2\/comments?post=124490"}],"version-history":[{"count":0,"href":"https:\/\/plazajuarez.mx\/historico\/wp-json\/wp\/v2\/posts\/124490\/revisions"}],"wp:attachment":[{"href":"https:\/\/plazajuarez.mx\/historico\/wp-json\/wp\/v2\/media?parent=124490"}],"wp:term":[{"taxonomy":"category","embeddable":true,"href":"https:\/\/plazajuarez.mx\/historico\/wp-json\/wp\/v2\/categories?post=124490"},{"taxonomy":"post_tag","embeddable":true,"href":"https:\/\/plazajuarez.mx\/historico\/wp-json\/wp\/v2\/tags?post=124490"}],"curies":[{"name":"wp","href":"https:\/\/api.w.org\/{rel}","templated":true}]}}